{"id":1791,"date":"2018-11-23T18:59:34","date_gmt":"2018-11-23T20:59:34","guid":{"rendered":"https:\/\/www.espanolsi.com\/?p=1791"},"modified":"2018-11-23T19:41:41","modified_gmt":"2018-11-23T21:41:41","slug":"descripcion-fisica","status":"publish","type":"post","link":"https:\/\/www.espanolsi.com\/en\/descripcion-fisica\/","title":{"rendered":"Descripci\u00f3n F\u00edsica"},"content":{"rendered":"<span style=\"font-size: 14pt;\">Vamos a aprender un poco sobre la descripci\u00f3n f\u00edsica.<\/span><\/p>\n<ul style=\"list-style-type: square;\">\n<li><span style=\"font-size: 14pt;\"><strong><span style=\"color: #800000;\">A la hora de describir podemos utilizar el verbo SER. Por ejemplo:<\/span><\/strong><strong><span style=\"color: #800000;\"><br \/>\n<a href=\"https:\/\/i0.wp.com\/www.espanolsi.com\/wp-content\/uploads\/2018\/11\/Joven.png?ssl=1\" data-rel=\"lightbox-image-0\" data-rl_title=\"\" data-rl_caption=\"\" title=\"\"><img data-recalc-dims=\"1\" loading=\"lazy\" decoding=\"async\" data-attachment-id=\"1803\" data-permalink=\"https:\/\/www.espanolsi.com\/en\/descripcion-fisica\/joven\/\" data-orig-file=\"https:\/\/i0.wp.com\/www.espanolsi.com\/wp-content\/uploads\/2018\/11\/Joven.png?fit=234%2C258&amp;ssl=1\" data-orig-size=\"234,258\" data-comments-opened=\"1\" data-image-meta=\"{&quot;aperture&quot;:&quot;0&quot;,&quot;credit&quot;:&quot;&quot;,&quot;camera&quot;:&quot;&quot;,&quot;caption&quot;:&quot;&quot;,&quot;created_timestamp&quot;:&quot;0&quot;,&quot;copyright&quot;:&quot;&quot;,&quot;focal_length&quot;:&quot;0&quot;,&quot;iso&quot;:&quot;0&quot;,&quot;shutter_speed&quot;:&quot;0&quot;,&quot;title&quot;:&quot;&quot;,&quot;orientation&quot;:&quot;0&quot;}\" data-image-title=\"Joven\" data-image-description=\"\" data-image-caption=\"\" data-medium-file=\"https:\/\/i0.wp.com\/www.espanolsi.com\/wp-content\/uploads\/2018\/11\/Joven.png?fit=234%2C258&amp;ssl=1\" data-large-file=\"https:\/\/i0.wp.com\/www.espanolsi.com\/wp-content\/uploads\/2018\/11\/Joven.png?fit=234%2C258&amp;ssl=1\" class=\"alignright wp-image-1803\" src=\"https:\/\/i0.wp.com\/www.espanolsi.com\/wp-content\/uploads\/2018\/11\/Joven.png?resize=172%2C193&#038;ssl=1\" alt=\"\" width=\"172\" height=\"193\" \/><\/a><\/span><\/strong><\/span><\/li>\n<\/ul>\n<p style=\"text-align: center;\"><span style=\"font-size: 14pt;\"><a href=\"https:\/\/i0.wp.com\/www.espanolsi.com\/wp-content\/uploads\/2018\/11\/mayor.png?ssl=1\" data-rel=\"lightbox-image-1\" data-rl_title=\"\" data-rl_caption=\"\" title=\"\"><img data-recalc-dims=\"1\" loading=\"lazy\" decoding=\"async\" data-attachment-id=\"1804\" data-permalink=\"https:\/\/www.espanolsi.com\/en\/descripcion-fisica\/mayor\/\" data-orig-file=\"https:\/\/i0.wp.com\/www.espanolsi.com\/wp-content\/uploads\/2018\/11\/mayor.png?fit=567%2C1142&amp;ssl=1\" data-orig-size=\"567,1142\" data-comments-opened=\"1\" data-image-meta=\"{&quot;aperture&quot;:&quot;0&quot;,&quot;credit&quot;:&quot;&quot;,&quot;camera&quot;:&quot;&quot;,&quot;caption&quot;:&quot;&quot;,&quot;created_timestamp&quot;:&quot;0&quot;,&quot;copyright&quot;:&quot;&quot;,&quot;focal_length&quot;:&quot;0&quot;,&quot;iso&quot;:&quot;0&quot;,&quot;shutter_speed&quot;:&quot;0&quot;,&quot;title&quot;:&quot;&quot;,&quot;orientation&quot;:&quot;0&quot;}\" data-image-title=\"mayor\" data-image-description=\"&lt;p&gt;mayor&lt;\/p&gt;\n\" data-image-caption=\"\" data-medium-file=\"https:\/\/i0.wp.com\/www.espanolsi.com\/wp-content\/uploads\/2018\/11\/mayor.png?fit=149%2C300&amp;ssl=1\" data-large-file=\"https:\/\/i0.wp.com\/www.espanolsi.com\/wp-content\/uploads\/2018\/11\/mayor.png?fit=508%2C1024&amp;ssl=1\" class=\"wp-image-1804 alignleft\" src=\"https:\/\/i0.wp.com\/www.espanolsi.com\/wp-content\/uploads\/2018\/11\/mayor.png?resize=65%2C122&#038;ssl=1\" alt=\"mayor\" width=\"65\" height=\"122\" \/><\/a>Mi t\u00eda <strong>es<\/strong> joven<\/span><\/p>\n<p style=\"text-align: center;\"><span style=\"font-size: 14pt;\">Mi pap\u00e1 <strong>es<\/strong> mayor.<\/span><\/p>\n<p style=\"text-align: center;\"><span style=\"font-size: 14pt;\">Tus hermanos <strong>son<\/strong> muy guapos.<\/span><\/p>\n<p>&nbsp;<\/p>\n<p><span style=\"font-size: 14pt;\">Un ejemplo en el pasado: <\/span><\/p>\n<p style=\"text-align: center;\"><span style=\"font-size: 14pt;\">Mi abuela <strong>era<\/strong> morena.<\/span><\/p>\n<p>&nbsp;<\/p>\n<ul style=\"list-style-type: square;\">\n<li><span style=\"font-size: 14pt;\"><span style=\"font-size: 14pt;\"><strong><span style=\"color: #800000;\">Si hablamos del peso podemos decir delgado\/flaco o gordo:<\/span><\/strong><\/span><\/span><\/li>\n<\/ul>\n<p style=\"text-align: center;\"><span style=\"font-size: 14pt;\"> Juan es muy delgado.<a href=\"https:\/\/i0.wp.com\/www.espanolsi.com\/wp-content\/uploads\/2018\/11\/Delgado-o-flaco.png?ssl=1\" data-rel=\"lightbox-image-2\" data-rl_title=\"\" data-rl_caption=\"\" title=\"\"><img data-recalc-dims=\"1\" loading=\"lazy\" decoding=\"async\" data-attachment-id=\"1798\" data-permalink=\"https:\/\/www.espanolsi.com\/en\/descripcion-fisica\/delgado-o-flaco\/\" data-orig-file=\"https:\/\/i0.wp.com\/www.espanolsi.com\/wp-content\/uploads\/2018\/11\/Delgado-o-flaco-e1542930353427.png?fit=200%2C426&amp;ssl=1\" data-orig-size=\"200,426\" data-comments-opened=\"1\" data-image-meta=\"{&quot;aperture&quot;:&quot;0&quot;,&quot;credit&quot;:&quot;&quot;,&quot;camera&quot;:&quot;&quot;,&quot;caption&quot;:&quot;&quot;,&quot;created_timestamp&quot;:&quot;0&quot;,&quot;copyright&quot;:&quot;&quot;,&quot;focal_length&quot;:&quot;0&quot;,&quot;iso&quot;:&quot;0&quot;,&quot;shutter_speed&quot;:&quot;0&quot;,&quot;title&quot;:&quot;&quot;,&quot;orientation&quot;:&quot;0&quot;}\" data-image-title=\"Delgado o flaco\" data-image-description=\"\" data-image-caption=\"\" data-medium-file=\"https:\/\/i0.wp.com\/www.espanolsi.com\/wp-content\/uploads\/2018\/11\/Delgado-o-flaco-e1542930353427.png?fit=141%2C300&amp;ssl=1\" data-large-file=\"https:\/\/i0.wp.com\/www.espanolsi.com\/wp-content\/uploads\/2018\/11\/Delgado-o-flaco-e1542930353427.png?fit=200%2C426&amp;ssl=1\" class=\"wp-image-1798 alignright\" src=\"https:\/\/i0.wp.com\/www.espanolsi.com\/wp-content\/uploads\/2018\/11\/Delgado-o-flaco-e1542930353427.png?resize=74%2C125&#038;ssl=1\" alt=\"\" width=\"74\" height=\"125\" \/><\/a><\/span><\/p>\n<p style=\"text-align: center;\"><span style=\"font-size: 14pt;\"><a href=\"https:\/\/i0.wp.com\/www.espanolsi.com\/wp-content\/uploads\/2018\/11\/gordo.png?ssl=1\" data-rel=\"lightbox-image-3\" data-rl_title=\"\" data-rl_caption=\"\" title=\"\"><img data-recalc-dims=\"1\" loading=\"lazy\" decoding=\"async\" data-attachment-id=\"1802\" data-permalink=\"https:\/\/www.espanolsi.com\/en\/descripcion-fisica\/gordo\/\" data-orig-file=\"https:\/\/i0.wp.com\/www.espanolsi.com\/wp-content\/uploads\/2018\/11\/gordo.png?fit=134%2C302&amp;ssl=1\" data-orig-size=\"134,302\" data-comments-opened=\"1\" data-image-meta=\"{&quot;aperture&quot;:&quot;0&quot;,&quot;credit&quot;:&quot;&quot;,&quot;camera&quot;:&quot;&quot;,&quot;caption&quot;:&quot;&quot;,&quot;created_timestamp&quot;:&quot;0&quot;,&quot;copyright&quot;:&quot;&quot;,&quot;focal_length&quot;:&quot;0&quot;,&quot;iso&quot;:&quot;0&quot;,&quot;shutter_speed&quot;:&quot;0&quot;,&quot;title&quot;:&quot;&quot;,&quot;orientation&quot;:&quot;0&quot;}\" data-image-title=\"gordo\" data-image-description=\"\" data-image-caption=\"\" data-medium-file=\"https:\/\/i0.wp.com\/www.espanolsi.com\/wp-content\/uploads\/2018\/11\/gordo.png?fit=133%2C300&amp;ssl=1\" data-large-file=\"https:\/\/i0.wp.com\/www.espanolsi.com\/wp-content\/uploads\/2018\/11\/gordo.png?fit=134%2C302&amp;ssl=1\" class=\"wp-image-1802 alignleft\" src=\"https:\/\/i0.wp.com\/www.espanolsi.com\/wp-content\/uploads\/2018\/11\/gordo.png?resize=60%2C135&#038;ssl=1\" alt=\"\" width=\"60\" height=\"135\" srcset=\"https:\/\/i0.wp.com\/www.espanolsi.com\/wp-content\/uploads\/2018\/11\/gordo.png?w=134&amp;ssl=1 134w, https:\/\/i0.wp.com\/www.espanolsi.com\/wp-content\/uploads\/2018\/11\/gordo.png?resize=133%2C300&amp;ssl=1 133w\" sizes=\"auto, (max-width: 60px) 100vw, 60px\" \/><\/a> Juan es gordo.<\/span><\/p>\n<p style=\"text-align: center;\"><span style=\"font-size: 14pt;\">A una persona gorda podemos decirle gordita. Gordito o gordita es una manera <\/span><br \/>\n<span style=\"font-size: 14pt;\">suave de hablar. La diferencia es que gordito\/a es m\u00e1s cari\u00f1oso.<\/span><\/p>\n<p>&nbsp;<\/p>\n<ul style=\"list-style-type: square;\">\n<li style=\"list-style-type: none;\">\n<ul style=\"list-style-type: square;\">\n<li><span style=\"font-size: 14pt;\">\u3164<strong><span style=\"color: #800000;\">En relaci\u00f3n con la estatura uno puede ser alto o bajo:<\/span><\/strong><br \/>\n<\/span><\/li>\n<\/ul>\n<\/li>\n<\/ul>\n<p><a href=\"https:\/\/i0.wp.com\/www.espanolsi.com\/wp-content\/uploads\/2018\/11\/alto-y-bajo.png?ssl=1\" data-rel=\"lightbox-image-4\" data-rl_title=\"\" data-rl_caption=\"\" title=\"\"><img data-recalc-dims=\"1\" loading=\"lazy\" decoding=\"async\" data-attachment-id=\"1793\" data-permalink=\"https:\/\/www.espanolsi.com\/en\/descripcion-fisica\/alto-y-bajo\/\" data-orig-file=\"https:\/\/i0.wp.com\/www.espanolsi.com\/wp-content\/uploads\/2018\/11\/alto-y-bajo.png?fit=176%2C258&amp;ssl=1\" data-orig-size=\"176,258\" data-comments-opened=\"1\" data-image-meta=\"{&quot;aperture&quot;:&quot;0&quot;,&quot;credit&quot;:&quot;&quot;,&quot;camera&quot;:&quot;&quot;,&quot;caption&quot;:&quot;&quot;,&quot;created_timestamp&quot;:&quot;0&quot;,&quot;copyright&quot;:&quot;&quot;,&quot;focal_length&quot;:&quot;0&quot;,&quot;iso&quot;:&quot;0&quot;,&quot;shutter_speed&quot;:&quot;0&quot;,&quot;title&quot;:&quot;&quot;,&quot;orientation&quot;:&quot;0&quot;}\" data-image-title=\"Alto y bajo\" data-image-description=\"&lt;p&gt;Alto y bajo&lt;\/p&gt;\n\" data-image-caption=\"\" data-medium-file=\"https:\/\/i0.wp.com\/www.espanolsi.com\/wp-content\/uploads\/2018\/11\/alto-y-bajo.png?fit=176%2C258&amp;ssl=1\" data-large-file=\"https:\/\/i0.wp.com\/www.espanolsi.com\/wp-content\/uploads\/2018\/11\/alto-y-bajo.png?fit=176%2C258&amp;ssl=1\" class=\"wp-image-1793 alignleft\" src=\"https:\/\/i0.wp.com\/www.espanolsi.com\/wp-content\/uploads\/2018\/11\/alto-y-bajo.png?resize=115%2C169&#038;ssl=1\" alt=\"Alto y bajo\" width=\"115\" height=\"169\" \/><\/a><\/p>\n<p>&nbsp;<\/p>\n<p><span style=\"font-size: 14pt;\">Paco es el chico que est\u00e1 a la izquierda, \u00e9l es bajo.<\/span><\/p>\n<p><span style=\"font-size: 14pt;\">Pepe es el chico que est\u00e1 a la derecha, \u00e9l es m\u00e1s alto que Paco.<\/span><\/p>\n<p>&nbsp;<\/p>\n<p>&nbsp;<\/p>\n<ul style=\"list-style-type: square;\">\n<li><strong><span style=\"font-size: 14pt; color: #800000;\">Ahora vamos a hablar sobre el pelo. Tambi\u00e9n puedo decir cabello.<\/span><\/strong><\/li>\n<\/ul>\n<p><span style=\"color: #000000;\"><strong><span style=\"font-size: 14pt;\">Si identifico a alguien por el color del pelo puedo decir:<\/span><\/strong><\/span><\/p>\n<p>&nbsp;<\/p>\n<table style=\"height: 31px; width: 100%; border-collapse: collapse;\" border=\"0\">\n<tbody>\n<tr style=\"height: 31px;\">\n<td style=\"width: 33.3333%; height: 31px;\"><a href=\"https:\/\/i0.wp.com\/www.espanolsi.com\/wp-content\/uploads\/2018\/11\/chico-rubio.png?ssl=1\" data-rel=\"lightbox-image-5\" data-rl_title=\"\" data-rl_caption=\"\" title=\"\"><img data-recalc-dims=\"1\" loading=\"lazy\" decoding=\"async\" data-attachment-id=\"1796\" data-permalink=\"https:\/\/www.espanolsi.com\/en\/descripcion-fisica\/chico-rubio\/\" data-orig-file=\"https:\/\/i0.wp.com\/www.espanolsi.com\/wp-content\/uploads\/2018\/11\/chico-rubio.png?fit=396%2C670&amp;ssl=1\" data-orig-size=\"396,670\" data-comments-opened=\"1\" data-image-meta=\"{&quot;aperture&quot;:&quot;0&quot;,&quot;credit&quot;:&quot;&quot;,&quot;camera&quot;:&quot;&quot;,&quot;caption&quot;:&quot;&quot;,&quot;created_timestamp&quot;:&quot;0&quot;,&quot;copyright&quot;:&quot;&quot;,&quot;focal_length&quot;:&quot;0&quot;,&quot;iso&quot;:&quot;0&quot;,&quot;shutter_speed&quot;:&quot;0&quot;,&quot;title&quot;:&quot;&quot;,&quot;orientation&quot;:&quot;0&quot;}\" data-image-title=\"chico rubio\" data-image-description=\"&lt;p&gt;chico rubio&lt;\/p&gt;\n\" data-image-caption=\"\" data-medium-file=\"https:\/\/i0.wp.com\/www.espanolsi.com\/wp-content\/uploads\/2018\/11\/chico-rubio.png?fit=177%2C300&amp;ssl=1\" data-large-file=\"https:\/\/i0.wp.com\/www.espanolsi.com\/wp-content\/uploads\/2018\/11\/chico-rubio.png?fit=396%2C670&amp;ssl=1\" class=\"alignleft wp-image-1796\" src=\"https:\/\/i0.wp.com\/www.espanolsi.com\/wp-content\/uploads\/2018\/11\/chico-rubio.png?resize=68%2C115&#038;ssl=1\" alt=\"chico rubio\" width=\"68\" height=\"115\" srcset=\"https:\/\/i0.wp.com\/www.espanolsi.com\/wp-content\/uploads\/2018\/11\/chico-rubio.png?w=396&amp;ssl=1 396w, https:\/\/i0.wp.com\/www.espanolsi.com\/wp-content\/uploads\/2018\/11\/chico-rubio.png?resize=177%2C300&amp;ssl=1 177w\" sizes=\"auto, (max-width: 68px) 100vw, 68px\" \/><\/a><\/p>\n<p><span style=\"font-size: 14pt;\">Es rubio.<\/span><\/td>\n<td style=\"width: 33.3333%; height: 31px;\"><a href=\"https:\/\/i0.wp.com\/www.espanolsi.com\/wp-content\/uploads\/2018\/11\/chico-moreno.png?ssl=1\" data-rel=\"lightbox-image-6\" data-rl_title=\"\" data-rl_caption=\"\" title=\"\"><img data-recalc-dims=\"1\" loading=\"lazy\" decoding=\"async\" data-attachment-id=\"1794\" data-permalink=\"https:\/\/www.espanolsi.com\/en\/descripcion-fisica\/chico-moreno\/\" data-orig-file=\"https:\/\/i0.wp.com\/www.espanolsi.com\/wp-content\/uploads\/2018\/11\/chico-moreno.png?fit=396%2C670&amp;ssl=1\" data-orig-size=\"396,670\" data-comments-opened=\"1\" data-image-meta=\"{&quot;aperture&quot;:&quot;0&quot;,&quot;credit&quot;:&quot;&quot;,&quot;camera&quot;:&quot;&quot;,&quot;caption&quot;:&quot;&quot;,&quot;created_timestamp&quot;:&quot;0&quot;,&quot;copyright&quot;:&quot;&quot;,&quot;focal_length&quot;:&quot;0&quot;,&quot;iso&quot;:&quot;0&quot;,&quot;shutter_speed&quot;:&quot;0&quot;,&quot;title&quot;:&quot;&quot;,&quot;orientation&quot;:&quot;0&quot;}\" data-image-title=\"chico moreno\" data-image-description=\"&lt;p&gt;chico moreno&lt;\/p&gt;\n\" data-image-caption=\"\" data-medium-file=\"https:\/\/i0.wp.com\/www.espanolsi.com\/wp-content\/uploads\/2018\/11\/chico-moreno.png?fit=177%2C300&amp;ssl=1\" data-large-file=\"https:\/\/i0.wp.com\/www.espanolsi.com\/wp-content\/uploads\/2018\/11\/chico-moreno.png?fit=396%2C670&amp;ssl=1\" class=\"alignleft wp-image-1794\" src=\"https:\/\/i0.wp.com\/www.espanolsi.com\/wp-content\/uploads\/2018\/11\/chico-moreno.png?resize=68%2C121&#038;ssl=1\" alt=\"chico moreno\" width=\"68\" height=\"121\" \/><\/a><\/p>\n<p><span style=\"font-size: 14pt;\">Es moreno.<\/span><\/td>\n<td style=\"width: 33.3333%; height: 31px;\"><a href=\"https:\/\/i0.wp.com\/www.espanolsi.com\/wp-content\/uploads\/2018\/11\/chico-pelirrojo.png?ssl=1\" data-rel=\"lightbox-image-7\" data-rl_title=\"\" data-rl_caption=\"\" title=\"\"><img data-recalc-dims=\"1\" loading=\"lazy\" decoding=\"async\" data-attachment-id=\"1795\" data-permalink=\"https:\/\/www.espanolsi.com\/en\/descripcion-fisica\/chico-pelirrojo\/\" data-orig-file=\"https:\/\/i0.wp.com\/www.espanolsi.com\/wp-content\/uploads\/2018\/11\/chico-pelirrojo.png?fit=396%2C670&amp;ssl=1\" data-orig-size=\"396,670\" data-comments-opened=\"1\" data-image-meta=\"{&quot;aperture&quot;:&quot;0&quot;,&quot;credit&quot;:&quot;&quot;,&quot;camera&quot;:&quot;&quot;,&quot;caption&quot;:&quot;&quot;,&quot;created_timestamp&quot;:&quot;0&quot;,&quot;copyright&quot;:&quot;&quot;,&quot;focal_length&quot;:&quot;0&quot;,&quot;iso&quot;:&quot;0&quot;,&quot;shutter_speed&quot;:&quot;0&quot;,&quot;title&quot;:&quot;&quot;,&quot;orientation&quot;:&quot;0&quot;}\" data-image-title=\"chico pelirrojo\" data-image-description=\"&lt;p&gt;chico pelirrojo&lt;\/p&gt;\n\" data-image-caption=\"\" data-medium-file=\"https:\/\/i0.wp.com\/www.espanolsi.com\/wp-content\/uploads\/2018\/11\/chico-pelirrojo.png?fit=177%2C300&amp;ssl=1\" data-large-file=\"https:\/\/i0.wp.com\/www.espanolsi.com\/wp-content\/uploads\/2018\/11\/chico-pelirrojo.png?fit=396%2C670&amp;ssl=1\" class=\"wp-image-1795 alignleft\" src=\"https:\/\/i0.wp.com\/www.espanolsi.com\/wp-content\/uploads\/2018\/11\/chico-pelirrojo.png?resize=68%2C112&#038;ssl=1\" alt=\"chico pelirrojo\" width=\"68\" height=\"112\" \/><\/a><\/p>\n<p><span style=\"font-size: 14pt;\">Es pelirrojo.<\/span><\/td>\n<\/tr>\n<\/tbody>\n<\/table>\n<p>&nbsp;<\/p>\n<p><span style=\"font-size: 14pt;\"><strong>El pelo puede ser :<\/strong><br \/>\n<\/span><\/p>\n<p>&nbsp;<\/p>\n<table style=\"height: 70px; width: 99.8607%; border-collapse: collapse;\" border=\"0\">\n<tbody>\n<tr style=\"height: 156px;\">\n<td style=\"width: 20%; height: 10px;\"><a href=\"https:\/\/i0.wp.com\/www.espanolsi.com\/wp-content\/uploads\/2018\/11\/rizado.png?ssl=1\" data-rel=\"lightbox-image-8\" data-rl_title=\"\" data-rl_caption=\"\" title=\"\"><img data-recalc-dims=\"1\" loading=\"lazy\" decoding=\"async\" data-attachment-id=\"1815\" data-permalink=\"https:\/\/www.espanolsi.com\/en\/descripcion-fisica\/rizado\/\" data-orig-file=\"https:\/\/i0.wp.com\/www.espanolsi.com\/wp-content\/uploads\/2018\/11\/rizado.png?fit=356%2C620&amp;ssl=1\" data-orig-size=\"356,620\" data-comments-opened=\"1\" data-image-meta=\"{&quot;aperture&quot;:&quot;0&quot;,&quot;credit&quot;:&quot;&quot;,&quot;camera&quot;:&quot;&quot;,&quot;caption&quot;:&quot;&quot;,&quot;created_timestamp&quot;:&quot;0&quot;,&quot;copyright&quot;:&quot;&quot;,&quot;focal_length&quot;:&quot;0&quot;,&quot;iso&quot;:&quot;0&quot;,&quot;shutter_speed&quot;:&quot;0&quot;,&quot;title&quot;:&quot;&quot;,&quot;orientation&quot;:&quot;0&quot;}\" data-image-title=\"rizado\" data-image-description=\"\" data-image-caption=\"\" data-medium-file=\"https:\/\/i0.wp.com\/www.espanolsi.com\/wp-content\/uploads\/2018\/11\/rizado.png?fit=172%2C300&amp;ssl=1\" data-large-file=\"https:\/\/i0.wp.com\/www.espanolsi.com\/wp-content\/uploads\/2018\/11\/rizado.png?fit=356%2C620&amp;ssl=1\" class=\"wp-image-1815 aligncenter\" src=\"https:\/\/i0.wp.com\/www.espanolsi.com\/wp-content\/uploads\/2018\/11\/rizado.png?resize=83%2C144&#038;ssl=1\" alt=\"\" width=\"83\" height=\"144\" srcset=\"https:\/\/i0.wp.com\/www.espanolsi.com\/wp-content\/uploads\/2018\/11\/rizado.png?w=356&amp;ssl=1 356w, https:\/\/i0.wp.com\/www.espanolsi.com\/wp-content\/uploads\/2018\/11\/rizado.png?resize=172%2C300&amp;ssl=1 172w\" sizes=\"auto, (max-width: 83px) 100vw, 83px\" \/><\/a><\/td>\n<td style=\"width: 20%; height: 10px;\"><a href=\"https:\/\/i0.wp.com\/www.espanolsi.com\/wp-content\/uploads\/2018\/11\/pelo-liso.png?ssl=1\" data-rel=\"lightbox-image-9\" data-rl_title=\"\" data-rl_caption=\"\" title=\"\"><img data-recalc-dims=\"1\" loading=\"lazy\" decoding=\"async\" data-attachment-id=\"1813\" data-permalink=\"https:\/\/www.espanolsi.com\/en\/descripcion-fisica\/pelo-liso\/\" data-orig-file=\"https:\/\/i0.wp.com\/www.espanolsi.com\/wp-content\/uploads\/2018\/11\/pelo-liso.png?fit=396%2C670&amp;ssl=1\" data-orig-size=\"396,670\" data-comments-opened=\"1\" data-image-meta=\"{&quot;aperture&quot;:&quot;0&quot;,&quot;credit&quot;:&quot;&quot;,&quot;camera&quot;:&quot;&quot;,&quot;caption&quot;:&quot;&quot;,&quot;created_timestamp&quot;:&quot;0&quot;,&quot;copyright&quot;:&quot;&quot;,&quot;focal_length&quot;:&quot;0&quot;,&quot;iso&quot;:&quot;0&quot;,&quot;shutter_speed&quot;:&quot;0&quot;,&quot;title&quot;:&quot;&quot;,&quot;orientation&quot;:&quot;0&quot;}\" data-image-title=\"pelo liso\" data-image-description=\"&lt;p&gt;pelo liso&lt;\/p&gt;\n\" data-image-caption=\"\" data-medium-file=\"https:\/\/i0.wp.com\/www.espanolsi.com\/wp-content\/uploads\/2018\/11\/pelo-liso.png?fit=177%2C300&amp;ssl=1\" data-large-file=\"https:\/\/i0.wp.com\/www.espanolsi.com\/wp-content\/uploads\/2018\/11\/pelo-liso.png?fit=396%2C670&amp;ssl=1\" class=\"wp-image-1813 aligncenter\" src=\"https:\/\/i0.wp.com\/www.espanolsi.com\/wp-content\/uploads\/2018\/11\/pelo-liso.png?resize=90%2C142&#038;ssl=1\" alt=\"pelo liso\" width=\"90\" height=\"142\" \/><\/a><\/td>\n<td style=\"width: 20%; height: 10px;\"><a href=\"https:\/\/i0.wp.com\/www.espanolsi.com\/wp-content\/uploads\/2018\/11\/pelo-corto.png?ssl=1\" data-rel=\"lightbox-image-10\" data-rl_title=\"\" data-rl_caption=\"\" title=\"\"><img data-recalc-dims=\"1\" loading=\"lazy\" decoding=\"async\" data-attachment-id=\"1811\" data-permalink=\"https:\/\/www.espanolsi.com\/en\/descripcion-fisica\/pelo-corto\/\" data-orig-file=\"https:\/\/i0.wp.com\/www.espanolsi.com\/wp-content\/uploads\/2018\/11\/pelo-corto.png?fit=600%2C1015&amp;ssl=1\" data-orig-size=\"600,1015\" data-comments-opened=\"1\" data-image-meta=\"{&quot;aperture&quot;:&quot;0&quot;,&quot;credit&quot;:&quot;&quot;,&quot;camera&quot;:&quot;&quot;,&quot;caption&quot;:&quot;&quot;,&quot;created_timestamp&quot;:&quot;0&quot;,&quot;copyright&quot;:&quot;&quot;,&quot;focal_length&quot;:&quot;0&quot;,&quot;iso&quot;:&quot;0&quot;,&quot;shutter_speed&quot;:&quot;0&quot;,&quot;title&quot;:&quot;&quot;,&quot;orientation&quot;:&quot;0&quot;}\" data-image-title=\"pelo corto\" data-image-description=\"&lt;p&gt;pelo corto&lt;\/p&gt;\n\" data-image-caption=\"\" data-medium-file=\"https:\/\/i0.wp.com\/www.espanolsi.com\/wp-content\/uploads\/2018\/11\/pelo-corto.png?fit=177%2C300&amp;ssl=1\" data-large-file=\"https:\/\/i0.wp.com\/www.espanolsi.com\/wp-content\/uploads\/2018\/11\/pelo-corto.png?fit=600%2C1015&amp;ssl=1\" class=\"wp-image-1811 aligncenter\" src=\"https:\/\/i0.wp.com\/www.espanolsi.com\/wp-content\/uploads\/2018\/11\/pelo-corto.png?resize=97%2C155&#038;ssl=1\" alt=\"pelo corto\" width=\"97\" height=\"155\" \/><\/a><\/td>\n<td style=\"width: 20%; height: 10px;\"><a href=\"https:\/\/i0.wp.com\/www.espanolsi.com\/wp-content\/uploads\/2018\/11\/pelo-largo.png?ssl=1\" data-rel=\"lightbox-image-11\" data-rl_title=\"\" data-rl_caption=\"\" title=\"\"><img data-recalc-dims=\"1\" loading=\"lazy\" decoding=\"async\" data-attachment-id=\"1812\" data-permalink=\"https:\/\/www.espanolsi.com\/en\/descripcion-fisica\/pelo-largo\/\" data-orig-file=\"https:\/\/i0.wp.com\/www.espanolsi.com\/wp-content\/uploads\/2018\/11\/pelo-largo.png?fit=600%2C1015&amp;ssl=1\" data-orig-size=\"600,1015\" data-comments-opened=\"1\" data-image-meta=\"{&quot;aperture&quot;:&quot;0&quot;,&quot;credit&quot;:&quot;&quot;,&quot;camera&quot;:&quot;&quot;,&quot;caption&quot;:&quot;&quot;,&quot;created_timestamp&quot;:&quot;0&quot;,&quot;copyright&quot;:&quot;&quot;,&quot;focal_length&quot;:&quot;0&quot;,&quot;iso&quot;:&quot;0&quot;,&quot;shutter_speed&quot;:&quot;0&quot;,&quot;title&quot;:&quot;&quot;,&quot;orientation&quot;:&quot;0&quot;}\" data-image-title=\"pelo largo\" data-image-description=\"&lt;p&gt;pelo largo&lt;\/p&gt;\n\" data-image-caption=\"\" data-medium-file=\"https:\/\/i0.wp.com\/www.espanolsi.com\/wp-content\/uploads\/2018\/11\/pelo-largo.png?fit=177%2C300&amp;ssl=1\" data-large-file=\"https:\/\/i0.wp.com\/www.espanolsi.com\/wp-content\/uploads\/2018\/11\/pelo-largo.png?fit=600%2C1015&amp;ssl=1\" class=\"wp-image-1812 aligncenter\" src=\"https:\/\/i0.wp.com\/www.espanolsi.com\/wp-content\/uploads\/2018\/11\/pelo-largo.png?resize=94%2C159&#038;ssl=1\" alt=\"pelo largo\" width=\"94\" height=\"159\" srcset=\"https:\/\/i0.wp.com\/www.espanolsi.com\/wp-content\/uploads\/2018\/11\/pelo-largo.png?w=600&amp;ssl=1 600w, https:\/\/i0.wp.com\/www.espanolsi.com\/wp-content\/uploads\/2018\/11\/pelo-largo.png?resize=177%2C300&amp;ssl=1 177w\" sizes=\"auto, (max-width: 94px) 100vw, 94px\" \/><\/a><\/td>\n<td style=\"height: 10px;\" colspan=\"4\"><a href=\"https:\/\/i0.wp.com\/www.espanolsi.com\/wp-content\/uploads\/2018\/11\/PELO-CANOSO.png?ssl=1\" data-rel=\"lightbox-image-12\" data-rl_title=\"\" data-rl_caption=\"\" title=\"\"><img data-recalc-dims=\"1\" loading=\"lazy\" decoding=\"async\" data-attachment-id=\"1810\" data-permalink=\"https:\/\/www.espanolsi.com\/en\/descripcion-fisica\/pelo-canoso\/\" data-orig-file=\"https:\/\/i0.wp.com\/www.espanolsi.com\/wp-content\/uploads\/2018\/11\/PELO-CANOSO.png?fit=540%2C890&amp;ssl=1\" data-orig-size=\"540,890\" data-comments-opened=\"1\" data-image-meta=\"{&quot;aperture&quot;:&quot;0&quot;,&quot;credit&quot;:&quot;&quot;,&quot;camera&quot;:&quot;&quot;,&quot;caption&quot;:&quot;&quot;,&quot;created_timestamp&quot;:&quot;0&quot;,&quot;copyright&quot;:&quot;&quot;,&quot;focal_length&quot;:&quot;0&quot;,&quot;iso&quot;:&quot;0&quot;,&quot;shutter_speed&quot;:&quot;0&quot;,&quot;title&quot;:&quot;&quot;,&quot;orientation&quot;:&quot;0&quot;}\" data-image-title=\"PELO CANOSO\" data-image-description=\"\" data-image-caption=\"\" data-medium-file=\"https:\/\/i0.wp.com\/www.espanolsi.com\/wp-content\/uploads\/2018\/11\/PELO-CANOSO.png?fit=182%2C300&amp;ssl=1\" data-large-file=\"https:\/\/i0.wp.com\/www.espanolsi.com\/wp-content\/uploads\/2018\/11\/PELO-CANOSO.png?fit=540%2C890&amp;ssl=1\" class=\"wp-image-1810 aligncenter\" src=\"https:\/\/i0.wp.com\/www.espanolsi.com\/wp-content\/uploads\/2018\/11\/PELO-CANOSO.png?resize=79%2C130&#038;ssl=1\" alt=\"pelo canoso\" width=\"79\" height=\"130\" srcset=\"https:\/\/i0.wp.com\/www.espanolsi.com\/wp-content\/uploads\/2018\/11\/PELO-CANOSO.png?w=540&amp;ssl=1 540w, https:\/\/i0.wp.com\/www.espanolsi.com\/wp-content\/uploads\/2018\/11\/PELO-CANOSO.png?resize=182%2C300&amp;ssl=1 182w\" sizes=\"auto, (max-width: 79px) 100vw, 79px\" \/><\/a><\/td>\n<\/tr>\n<tr style=\"height: 60px;\">\n<td style=\"width: 20%; text-align: center; height: 60px;\"><span style=\"font-size: 14pt;\">rizado<\/span><\/td>\n<td style=\"width: 20%; text-align: center; height: 60px;\"><span style=\"font-size: 14pt;\">liso<\/span><\/td>\n<td style=\"width: 20%; text-align: center; height: 60px;\"><span style=\"font-size: 14pt;\">corto<\/span><\/td>\n<td style=\"width: 20%; text-align: center; height: 60px;\"><span style=\"font-size: 14pt;\">largo<\/span><\/td>\n<td style=\"width: 20%; text-align: center; height: 60px;\" colspan=\"4\"><span style=\"font-size: 14pt;\">canoso<\/span><\/td>\n<\/tr>\n<\/tbody>\n<\/table>\n<p><span style=\"font-size: 14pt;\">Ejemplo:<\/span><\/p>\n<p style=\"text-align: center;\"><span style=\"font-size: 14pt;\">Mi abuela tiene el pelo canoso.<\/span><\/p>\n<p>&nbsp;<\/p>\n<p><span style=\"font-size: 14pt;\">Veremos a personas que a veces llevan:<\/span><\/p>\n<p>&nbsp;<\/p>\n<table style=\"width: 100%; border-collapse: collapse; height: 158px;\" border=\"0\">\n<tbody>\n<tr style=\"height: 158px;\">\n<td style=\"width: 50%; height: 158px;\"><span style=\"font-size: 14pt;\"><a href=\"https:\/\/i0.wp.com\/www.espanolsi.com\/wp-content\/uploads\/2018\/11\/trenza.png?ssl=1\" data-rel=\"lightbox-image-13\" data-rl_title=\"\" data-rl_caption=\"\" title=\"\"><img data-recalc-dims=\"1\" loading=\"lazy\" decoding=\"async\" data-attachment-id=\"1818\" data-permalink=\"https:\/\/www.espanolsi.com\/en\/descripcion-fisica\/trenza\/\" data-orig-file=\"https:\/\/i0.wp.com\/www.espanolsi.com\/wp-content\/uploads\/2018\/11\/trenza.png?fit=540%2C890&amp;ssl=1\" data-orig-size=\"540,890\" data-comments-opened=\"1\" data-image-meta=\"{&quot;aperture&quot;:&quot;0&quot;,&quot;credit&quot;:&quot;&quot;,&quot;camera&quot;:&quot;&quot;,&quot;caption&quot;:&quot;&quot;,&quot;created_timestamp&quot;:&quot;0&quot;,&quot;copyright&quot;:&quot;&quot;,&quot;focal_length&quot;:&quot;0&quot;,&quot;iso&quot;:&quot;0&quot;,&quot;shutter_speed&quot;:&quot;0&quot;,&quot;title&quot;:&quot;&quot;,&quot;orientation&quot;:&quot;0&quot;}\" data-image-title=\"trenza\" data-image-description=\"&lt;p&gt;trenza&lt;\/p&gt;\n\" data-image-caption=\"\" data-medium-file=\"https:\/\/i0.wp.com\/www.espanolsi.com\/wp-content\/uploads\/2018\/11\/trenza.png?fit=182%2C300&amp;ssl=1\" data-large-file=\"https:\/\/i0.wp.com\/www.espanolsi.com\/wp-content\/uploads\/2018\/11\/trenza.png?fit=540%2C890&amp;ssl=1\" class=\"alignleft wp-image-1818\" src=\"https:\/\/i0.wp.com\/www.espanolsi.com\/wp-content\/uploads\/2018\/11\/trenza.png?resize=56%2C93&#038;ssl=1\" alt=\"trenza\" width=\"56\" height=\"93\" srcset=\"https:\/\/i0.wp.com\/www.espanolsi.com\/wp-content\/uploads\/2018\/11\/trenza.png?w=540&amp;ssl=1 540w, https:\/\/i0.wp.com\/www.espanolsi.com\/wp-content\/uploads\/2018\/11\/trenza.png?resize=182%2C300&amp;ssl=1 182w\" sizes=\"auto, (max-width: 56px) 100vw, 56px\" \/><\/a><\/span><\/p>\n<p><span style=\"font-size: 14pt;\">trenza <\/span><\/td>\n<td style=\"width: 50%; height: 158px;\"><span style=\"font-size: 14pt;\"><a href=\"https:\/\/i0.wp.com\/www.espanolsi.com\/wp-content\/uploads\/2018\/11\/coleta.png?ssl=1\" data-rel=\"lightbox-image-14\" data-rl_title=\"\" data-rl_caption=\"\" title=\"\"><img data-recalc-dims=\"1\" loading=\"lazy\" decoding=\"async\" data-attachment-id=\"1797\" data-permalink=\"https:\/\/www.espanolsi.com\/en\/descripcion-fisica\/coleta\/\" data-orig-file=\"https:\/\/i0.wp.com\/www.espanolsi.com\/wp-content\/uploads\/2018\/11\/coleta.png?fit=540%2C890&amp;ssl=1\" data-orig-size=\"540,890\" data-comments-opened=\"1\" data-image-meta=\"{&quot;aperture&quot;:&quot;0&quot;,&quot;credit&quot;:&quot;&quot;,&quot;camera&quot;:&quot;&quot;,&quot;caption&quot;:&quot;&quot;,&quot;created_timestamp&quot;:&quot;0&quot;,&quot;copyright&quot;:&quot;&quot;,&quot;focal_length&quot;:&quot;0&quot;,&quot;iso&quot;:&quot;0&quot;,&quot;shutter_speed&quot;:&quot;0&quot;,&quot;title&quot;:&quot;&quot;,&quot;orientation&quot;:&quot;0&quot;}\" data-image-title=\"coleta\" data-image-description=\"&lt;p&gt;coleta&lt;\/p&gt;\n\" data-image-caption=\"\" data-medium-file=\"https:\/\/i0.wp.com\/www.espanolsi.com\/wp-content\/uploads\/2018\/11\/coleta.png?fit=182%2C300&amp;ssl=1\" data-large-file=\"https:\/\/i0.wp.com\/www.espanolsi.com\/wp-content\/uploads\/2018\/11\/coleta.png?fit=540%2C890&amp;ssl=1\" class=\"alignleft wp-image-1797\" src=\"https:\/\/i0.wp.com\/www.espanolsi.com\/wp-content\/uploads\/2018\/11\/coleta.png?resize=56%2C93&#038;ssl=1\" alt=\"coleta\" width=\"56\" height=\"93\" srcset=\"https:\/\/i0.wp.com\/www.espanolsi.com\/wp-content\/uploads\/2018\/11\/coleta.png?w=540&amp;ssl=1 540w, https:\/\/i0.wp.com\/www.espanolsi.com\/wp-content\/uploads\/2018\/11\/coleta.png?resize=182%2C300&amp;ssl=1 182w\" sizes=\"auto, (max-width: 56px) 100vw, 56px\" \/><\/a><\/span><\/p>\n<p><span style=\"font-size: 14pt;\">coleta<\/span><\/td>\n<\/tr>\n<\/tbody>\n<\/table>\n<p>&nbsp;<\/p>\n<p>&nbsp;<\/p>\n<p><span style=\"font-size: 14pt;\">\u3164<a href=\"https:\/\/i0.wp.com\/www.espanolsi.com\/wp-content\/uploads\/2018\/11\/flequillo-1.png?ssl=1\" data-rel=\"lightbox-image-15\" data-rl_title=\"\" data-rl_caption=\"\" title=\"\"><img data-recalc-dims=\"1\" loading=\"lazy\" decoding=\"async\" data-attachment-id=\"1801\" data-permalink=\"https:\/\/www.espanolsi.com\/en\/descripcion-fisica\/flequillo-2\/\" data-orig-file=\"https:\/\/i0.wp.com\/www.espanolsi.com\/wp-content\/uploads\/2018\/11\/flequillo-1.png?fit=540%2C890&amp;ssl=1\" data-orig-size=\"540,890\" data-comments-opened=\"1\" data-image-meta=\"{&quot;aperture&quot;:&quot;0&quot;,&quot;credit&quot;:&quot;&quot;,&quot;camera&quot;:&quot;&quot;,&quot;caption&quot;:&quot;&quot;,&quot;created_timestamp&quot;:&quot;0&quot;,&quot;copyright&quot;:&quot;&quot;,&quot;focal_length&quot;:&quot;0&quot;,&quot;iso&quot;:&quot;0&quot;,&quot;shutter_speed&quot;:&quot;0&quot;,&quot;title&quot;:&quot;&quot;,&quot;orientation&quot;:&quot;0&quot;}\" data-image-title=\"flequillo\" data-image-description=\"\" data-image-caption=\"\" data-medium-file=\"https:\/\/i0.wp.com\/www.espanolsi.com\/wp-content\/uploads\/2018\/11\/flequillo-1.png?fit=182%2C300&amp;ssl=1\" data-large-file=\"https:\/\/i0.wp.com\/www.espanolsi.com\/wp-content\/uploads\/2018\/11\/flequillo-1.png?fit=540%2C890&amp;ssl=1\" class=\"alignleft wp-image-1801\" src=\"https:\/\/i0.wp.com\/www.espanolsi.com\/wp-content\/uploads\/2018\/11\/flequillo-1.png?resize=77%2C123&#038;ssl=1\" alt=\"flequillo\" width=\"77\" height=\"123\" \/><\/a><\/span><\/p>\n<p><span style=\"font-size: 14pt;\">Otras tienen flequillo, aquella parte del pelo que cubre nuestra frente.<\/span><\/p>\n<p>&nbsp;<\/p>\n<p>&nbsp;<\/p>\n<p><a href=\"https:\/\/i0.wp.com\/www.espanolsi.com\/wp-content\/uploads\/2018\/11\/Calvo.png?ssl=1\" data-rel=\"lightbox-image-16\" data-rl_title=\"\" data-rl_caption=\"\" title=\"\"><img data-recalc-dims=\"1\" loading=\"lazy\" decoding=\"async\" data-attachment-id=\"1800\" data-permalink=\"https:\/\/www.espanolsi.com\/en\/descripcion-fisica\/calvo\/\" data-orig-file=\"https:\/\/i0.wp.com\/www.espanolsi.com\/wp-content\/uploads\/2018\/11\/Calvo-e1542999252515.png?fit=473%2C800&amp;ssl=1\" data-orig-size=\"473,800\" data-comments-opened=\"1\" data-image-meta=\"{&quot;aperture&quot;:&quot;0&quot;,&quot;credit&quot;:&quot;&quot;,&quot;camera&quot;:&quot;&quot;,&quot;caption&quot;:&quot;&quot;,&quot;created_timestamp&quot;:&quot;0&quot;,&quot;copyright&quot;:&quot;&quot;,&quot;focal_length&quot;:&quot;0&quot;,&quot;iso&quot;:&quot;0&quot;,&quot;shutter_speed&quot;:&quot;0&quot;,&quot;title&quot;:&quot;&quot;,&quot;orientation&quot;:&quot;0&quot;}\" data-image-title=\"Calvo\" data-image-description=\"&lt;p&gt;Calvo&lt;\/p&gt;\n\" data-image-caption=\"\" data-medium-file=\"https:\/\/i0.wp.com\/www.espanolsi.com\/wp-content\/uploads\/2018\/11\/Calvo-e1542999252515.png?fit=177%2C300&amp;ssl=1\" data-large-file=\"https:\/\/i0.wp.com\/www.espanolsi.com\/wp-content\/uploads\/2018\/11\/Calvo-e1542999252515.png?fit=473%2C800&amp;ssl=1\" class=\"wp-image-1800 alignleft\" src=\"https:\/\/i0.wp.com\/www.espanolsi.com\/wp-content\/uploads\/2018\/11\/Calvo.png?resize=88%2C130&#038;ssl=1\" alt=\"Calvo\" width=\"88\" height=\"130\" \/><\/a><\/p>\n<p>&nbsp;<\/p>\n<p><span style=\"font-size: 14pt;\">Y para la carencia de pelo se puede decir calvo o pelado.<\/span><\/p>\n<p>&nbsp;<\/p>\n<p>&nbsp;<\/p>\n<p>&nbsp;<\/p>\n<p><span style=\"font-size: 14pt;\"><a href=\"https:\/\/i0.wp.com\/www.espanolsi.com\/wp-content\/uploads\/2018\/11\/nariz.png?ssl=1\" data-rel=\"lightbox-image-17\" data-rl_title=\"\" data-rl_caption=\"\" title=\"\"><img data-recalc-dims=\"1\" loading=\"lazy\" decoding=\"async\" data-attachment-id=\"1824\" data-permalink=\"https:\/\/www.espanolsi.com\/en\/descripcion-fisica\/nariz\/\" data-orig-file=\"https:\/\/i0.wp.com\/www.espanolsi.com\/wp-content\/uploads\/2018\/11\/nariz.png?fit=128%2C200&amp;ssl=1\" data-orig-size=\"128,200\" data-comments-opened=\"1\" data-image-meta=\"{&quot;aperture&quot;:&quot;0&quot;,&quot;credit&quot;:&quot;&quot;,&quot;camera&quot;:&quot;&quot;,&quot;caption&quot;:&quot;&quot;,&quot;created_timestamp&quot;:&quot;0&quot;,&quot;copyright&quot;:&quot;&quot;,&quot;focal_length&quot;:&quot;0&quot;,&quot;iso&quot;:&quot;0&quot;,&quot;shutter_speed&quot;:&quot;0&quot;,&quot;title&quot;:&quot;&quot;,&quot;orientation&quot;:&quot;0&quot;}\" data-image-title=\"nariz\" data-image-description=\"&lt;p&gt;nariz&lt;\/p&gt;\n\" data-image-caption=\"\" data-medium-file=\"https:\/\/i0.wp.com\/www.espanolsi.com\/wp-content\/uploads\/2018\/11\/nariz.png?fit=128%2C200&amp;ssl=1\" data-large-file=\"https:\/\/i0.wp.com\/www.espanolsi.com\/wp-content\/uploads\/2018\/11\/nariz.png?fit=128%2C200&amp;ssl=1\" class=\" wp-image-1824 alignleft\" src=\"https:\/\/i0.wp.com\/www.espanolsi.com\/wp-content\/uploads\/2018\/11\/nariz.png?resize=51%2C65&#038;ssl=1\" alt=\"nariz\" width=\"51\" height=\"65\" \/><\/a><br \/>\nUno puede tener la nariz peque\u00f1a o grande.<\/span><\/p>\n<p>&nbsp;<\/p>\n<p>&nbsp;<\/p>\n<p>&nbsp;<\/p>\n<p><strong><span style=\"font-size: 14pt;\">Tambi\u00e9n puede tener:<\/span><\/strong><\/p>\n<table style=\"height: 102px; width: 100%; border-collapse: collapse;\" border=\"0\">\n<tbody>\n<tr style=\"height: 102px;\">\n<td style=\"width: 33.3333%; height: 102px;\"><a href=\"https:\/\/i0.wp.com\/www.espanolsi.com\/wp-content\/uploads\/2018\/11\/tiene-barba.png?ssl=1\" data-rel=\"lightbox-image-18\" data-rl_title=\"\" data-rl_caption=\"\" title=\"\"><img data-recalc-dims=\"1\" loading=\"lazy\" decoding=\"async\" data-attachment-id=\"1816\" data-permalink=\"https:\/\/www.espanolsi.com\/en\/descripcion-fisica\/tiene-barba\/\" data-orig-file=\"https:\/\/i0.wp.com\/www.espanolsi.com\/wp-content\/uploads\/2018\/11\/tiene-barba.png?fit=540%2C890&amp;ssl=1\" data-orig-size=\"540,890\" data-comments-opened=\"1\" data-image-meta=\"{&quot;aperture&quot;:&quot;0&quot;,&quot;credit&quot;:&quot;&quot;,&quot;camera&quot;:&quot;&quot;,&quot;caption&quot;:&quot;&quot;,&quot;created_timestamp&quot;:&quot;0&quot;,&quot;copyright&quot;:&quot;&quot;,&quot;focal_length&quot;:&quot;0&quot;,&quot;iso&quot;:&quot;0&quot;,&quot;shutter_speed&quot;:&quot;0&quot;,&quot;title&quot;:&quot;&quot;,&quot;orientation&quot;:&quot;0&quot;}\" data-image-title=\"tiene-barba\" data-image-description=\"&lt;p&gt;tiene barba&lt;\/p&gt;\n\" data-image-caption=\"\" data-medium-file=\"https:\/\/i0.wp.com\/www.espanolsi.com\/wp-content\/uploads\/2018\/11\/tiene-barba.png?fit=182%2C300&amp;ssl=1\" data-large-file=\"https:\/\/i0.wp.com\/www.espanolsi.com\/wp-content\/uploads\/2018\/11\/tiene-barba.png?fit=540%2C890&amp;ssl=1\" class=\"alignleft wp-image-1816\" src=\"https:\/\/i0.wp.com\/www.espanolsi.com\/wp-content\/uploads\/2018\/11\/tiene-barba.png?resize=67%2C110&#038;ssl=1\" alt=\"tiene barba\" width=\"67\" height=\"110\" srcset=\"https:\/\/i0.wp.com\/www.espanolsi.com\/wp-content\/uploads\/2018\/11\/tiene-barba.png?w=540&amp;ssl=1 540w, https:\/\/i0.wp.com\/www.espanolsi.com\/wp-content\/uploads\/2018\/11\/tiene-barba.png?resize=182%2C300&amp;ssl=1 182w\" sizes=\"auto, (max-width: 67px) 100vw, 67px\" \/><\/a><\/p>\n<p><span style=\"font-size: 14pt;\">barba<\/span><\/td>\n<td style=\"width: 33.3333%; height: 102px;\"><a href=\"https:\/\/i0.wp.com\/www.espanolsi.com\/wp-content\/uploads\/2018\/11\/tiene-bigote.png?ssl=1\" data-rel=\"lightbox-image-19\" data-rl_title=\"\" data-rl_caption=\"\" title=\"\"><img data-recalc-dims=\"1\" loading=\"lazy\" decoding=\"async\" data-attachment-id=\"1817\" data-permalink=\"https:\/\/www.espanolsi.com\/en\/descripcion-fisica\/tiene-bigote\/\" data-orig-file=\"https:\/\/i0.wp.com\/www.espanolsi.com\/wp-content\/uploads\/2018\/11\/tiene-bigote.png?fit=540%2C890&amp;ssl=1\" data-orig-size=\"540,890\" data-comments-opened=\"1\" data-image-meta=\"{&quot;aperture&quot;:&quot;0&quot;,&quot;credit&quot;:&quot;&quot;,&quot;camera&quot;:&quot;&quot;,&quot;caption&quot;:&quot;&quot;,&quot;created_timestamp&quot;:&quot;0&quot;,&quot;copyright&quot;:&quot;&quot;,&quot;focal_length&quot;:&quot;0&quot;,&quot;iso&quot;:&quot;0&quot;,&quot;shutter_speed&quot;:&quot;0&quot;,&quot;title&quot;:&quot;&quot;,&quot;orientation&quot;:&quot;0&quot;}\" data-image-title=\"tiene bigote\" data-image-description=\"&lt;p&gt;tiene bigote&lt;\/p&gt;\n\" data-image-caption=\"\" data-medium-file=\"https:\/\/i0.wp.com\/www.espanolsi.com\/wp-content\/uploads\/2018\/11\/tiene-bigote.png?fit=182%2C300&amp;ssl=1\" data-large-file=\"https:\/\/i0.wp.com\/www.espanolsi.com\/wp-content\/uploads\/2018\/11\/tiene-bigote.png?fit=540%2C890&amp;ssl=1\" class=\"alignleft wp-image-1817\" src=\"https:\/\/i0.wp.com\/www.espanolsi.com\/wp-content\/uploads\/2018\/11\/tiene-bigote.png?resize=67%2C110&#038;ssl=1\" alt=\"tiene bigote\" width=\"67\" height=\"110\" srcset=\"https:\/\/i0.wp.com\/www.espanolsi.com\/wp-content\/uploads\/2018\/11\/tiene-bigote.png?w=540&amp;ssl=1 540w, https:\/\/i0.wp.com\/www.espanolsi.com\/wp-content\/uploads\/2018\/11\/tiene-bigote.png?resize=182%2C300&amp;ssl=1 182w\" sizes=\"auto, (max-width: 67px) 100vw, 67px\" \/><\/a><\/p>\n<p><span style=\"font-size: 14pt;\">bigote<\/span><\/td>\n<td style=\"width: 33.3333%; height: 102px;\"><a href=\"https:\/\/i0.wp.com\/www.espanolsi.com\/wp-content\/uploads\/2018\/11\/perilla.png?ssl=1\" data-rel=\"lightbox-image-20\" data-rl_title=\"\" data-rl_caption=\"\" title=\"\"><img data-recalc-dims=\"1\" loading=\"lazy\" decoding=\"async\" data-attachment-id=\"1814\" data-permalink=\"https:\/\/www.espanolsi.com\/en\/descripcion-fisica\/perilla\/\" data-orig-file=\"https:\/\/i0.wp.com\/www.espanolsi.com\/wp-content\/uploads\/2018\/11\/perilla.png?fit=540%2C890&amp;ssl=1\" data-orig-size=\"540,890\" data-comments-opened=\"1\" data-image-meta=\"{&quot;aperture&quot;:&quot;0&quot;,&quot;credit&quot;:&quot;&quot;,&quot;camera&quot;:&quot;&quot;,&quot;caption&quot;:&quot;&quot;,&quot;created_timestamp&quot;:&quot;0&quot;,&quot;copyright&quot;:&quot;&quot;,&quot;focal_length&quot;:&quot;0&quot;,&quot;iso&quot;:&quot;0&quot;,&quot;shutter_speed&quot;:&quot;0&quot;,&quot;title&quot;:&quot;&quot;,&quot;orientation&quot;:&quot;0&quot;}\" data-image-title=\"perilla\" data-image-description=\"\" data-image-caption=\"\" data-medium-file=\"https:\/\/i0.wp.com\/www.espanolsi.com\/wp-content\/uploads\/2018\/11\/perilla.png?fit=182%2C300&amp;ssl=1\" data-large-file=\"https:\/\/i0.wp.com\/www.espanolsi.com\/wp-content\/uploads\/2018\/11\/perilla.png?fit=540%2C890&amp;ssl=1\" class=\"alignleft wp-image-1814\" src=\"https:\/\/i0.wp.com\/www.espanolsi.com\/wp-content\/uploads\/2018\/11\/perilla.png?resize=67%2C110&#038;ssl=1\" alt=\"perilla\" width=\"67\" height=\"110\" srcset=\"https:\/\/i0.wp.com\/www.espanolsi.com\/wp-content\/uploads\/2018\/11\/perilla.png?w=540&amp;ssl=1 540w, https:\/\/i0.wp.com\/www.espanolsi.com\/wp-content\/uploads\/2018\/11\/perilla.png?resize=182%2C300&amp;ssl=1 182w\" sizes=\"auto, (max-width: 67px) 100vw, 67px\" \/><\/a><\/p>\n<p><span style=\"font-size: 14pt;\">perilla<\/span><\/td>\n<\/tr>\n<\/tbody>\n<\/table>\n<p style=\"text-align: left;\"><span style=\"font-size: 14pt;\">Ejemplo:<\/span><\/p>\n<p style=\"text-align: center;\"><span style=\"font-size: 14pt;\">Mi hermano mayor tiene un gran bigote.<\/span><\/p>\n<p><span style=\"font-size: 14pt;\">\u3164<\/span><\/p>\n<p>&nbsp;<\/p>\n<p><span style=\"font-size: 14pt;\">\u00bfY el color de los ojos?<\/span><\/p>\n<p>&nbsp;<\/p>\n<table style=\"height: 20px; width: 100%; border-collapse: collapse;\" border=\"0\">\n<tbody>\n<tr style=\"height: 20px;\">\n<td style=\"width: 26.8181%; height: 20px;\"><a href=\"https:\/\/i0.wp.com\/www.espanolsi.com\/wp-content\/uploads\/2018\/11\/ojos-verdes.png?ssl=1\" data-rel=\"lightbox-image-21\" data-rl_title=\"\" data-rl_caption=\"\" title=\"\"><img data-recalc-dims=\"1\" loading=\"lazy\" decoding=\"async\" data-attachment-id=\"1809\" data-permalink=\"https:\/\/www.espanolsi.com\/en\/descripcion-fisica\/ojos-verdes\/\" data-orig-file=\"https:\/\/i0.wp.com\/www.espanolsi.com\/wp-content\/uploads\/2018\/11\/ojos-verdes.png?fit=548%2C244&amp;ssl=1\" data-orig-size=\"548,244\" data-comments-opened=\"1\" data-image-meta=\"{&quot;aperture&quot;:&quot;0&quot;,&quot;credit&quot;:&quot;&quot;,&quot;camera&quot;:&quot;&quot;,&quot;caption&quot;:&quot;&quot;,&quot;created_timestamp&quot;:&quot;0&quot;,&quot;copyright&quot;:&quot;&quot;,&quot;focal_length&quot;:&quot;0&quot;,&quot;iso&quot;:&quot;0&quot;,&quot;shutter_speed&quot;:&quot;0&quot;,&quot;title&quot;:&quot;&quot;,&quot;orientation&quot;:&quot;0&quot;}\" data-image-title=\"ojos verdes\" data-image-description=\"\" data-image-caption=\"&lt;p&gt;ojos verdes&lt;\/p&gt;\n\" data-medium-file=\"https:\/\/i0.wp.com\/www.espanolsi.com\/wp-content\/uploads\/2018\/11\/ojos-verdes.png?fit=300%2C134&amp;ssl=1\" data-large-file=\"https:\/\/i0.wp.com\/www.espanolsi.com\/wp-content\/uploads\/2018\/11\/ojos-verdes.png?fit=548%2C244&amp;ssl=1\" class=\"wp-image-1809 aligncenter\" src=\"https:\/\/i0.wp.com\/www.espanolsi.com\/wp-content\/uploads\/2018\/11\/ojos-verdes.png?resize=115%2C51&#038;ssl=1\" alt=\"ojos verdes\" width=\"115\" height=\"51\" srcset=\"https:\/\/i0.wp.com\/www.espanolsi.com\/wp-content\/uploads\/2018\/11\/ojos-verdes.png?w=548&amp;ssl=1 548w, https:\/\/i0.wp.com\/www.espanolsi.com\/wp-content\/uploads\/2018\/11\/ojos-verdes.png?resize=300%2C134&amp;ssl=1 300w\" sizes=\"auto, (max-width: 115px) 100vw, 115px\" \/><\/a><\/td>\n<td style=\"width: 24.2728%; height: 20px;\"><span style=\"font-size: 14pt;\"><a href=\"https:\/\/i0.wp.com\/www.espanolsi.com\/wp-content\/uploads\/2018\/11\/ojos-azules-2.png?ssl=1\" data-rel=\"lightbox-image-22\" data-rl_title=\"\" data-rl_caption=\"\" title=\"\"><img data-recalc-dims=\"1\" loading=\"lazy\" decoding=\"async\" data-attachment-id=\"1806\" data-permalink=\"https:\/\/www.espanolsi.com\/en\/descripcion-fisica\/ojos-azules-2\/\" data-orig-file=\"https:\/\/i0.wp.com\/www.espanolsi.com\/wp-content\/uploads\/2018\/11\/ojos-azules-2.png?fit=548%2C244&amp;ssl=1\" data-orig-size=\"548,244\" data-comments-opened=\"1\" data-image-meta=\"{&quot;aperture&quot;:&quot;0&quot;,&quot;credit&quot;:&quot;&quot;,&quot;camera&quot;:&quot;&quot;,&quot;caption&quot;:&quot;&quot;,&quot;created_timestamp&quot;:&quot;0&quot;,&quot;copyright&quot;:&quot;&quot;,&quot;focal_length&quot;:&quot;0&quot;,&quot;iso&quot;:&quot;0&quot;,&quot;shutter_speed&quot;:&quot;0&quot;,&quot;title&quot;:&quot;&quot;,&quot;orientation&quot;:&quot;0&quot;}\" data-image-title=\"ojos azules\" data-image-description=\"&lt;p&gt;ojos azules&lt;\/p&gt;\n\" data-image-caption=\"\" data-medium-file=\"https:\/\/i0.wp.com\/www.espanolsi.com\/wp-content\/uploads\/2018\/11\/ojos-azules-2.png?fit=300%2C134&amp;ssl=1\" data-large-file=\"https:\/\/i0.wp.com\/www.espanolsi.com\/wp-content\/uploads\/2018\/11\/ojos-azules-2.png?fit=548%2C244&amp;ssl=1\" class=\"wp-image-1806 aligncenter\" src=\"https:\/\/i0.wp.com\/www.espanolsi.com\/wp-content\/uploads\/2018\/11\/ojos-azules-2.png?resize=123%2C62&#038;ssl=1\" alt=\"ojos azules\" width=\"123\" height=\"62\" \/><\/a><\/span><\/td>\n<td style=\"width: 25.4848%; height: 20px;\"><span style=\"font-size: 14pt;\"><a href=\"https:\/\/i0.wp.com\/www.espanolsi.com\/wp-content\/uploads\/2018\/11\/ojos-negros.png?ssl=1\" data-rel=\"lightbox-image-23\" data-rl_title=\"\" data-rl_caption=\"\" title=\"\"><img data-recalc-dims=\"1\" loading=\"lazy\" decoding=\"async\" data-attachment-id=\"1808\" data-permalink=\"https:\/\/www.espanolsi.com\/en\/descripcion-fisica\/ojos-negros\/\" data-orig-file=\"https:\/\/i0.wp.com\/www.espanolsi.com\/wp-content\/uploads\/2018\/11\/ojos-negros.png?fit=548%2C244&amp;ssl=1\" data-orig-size=\"548,244\" data-comments-opened=\"1\" data-image-meta=\"{&quot;aperture&quot;:&quot;0&quot;,&quot;credit&quot;:&quot;&quot;,&quot;camera&quot;:&quot;&quot;,&quot;caption&quot;:&quot;&quot;,&quot;created_timestamp&quot;:&quot;0&quot;,&quot;copyright&quot;:&quot;&quot;,&quot;focal_length&quot;:&quot;0&quot;,&quot;iso&quot;:&quot;0&quot;,&quot;shutter_speed&quot;:&quot;0&quot;,&quot;title&quot;:&quot;&quot;,&quot;orientation&quot;:&quot;0&quot;}\" data-image-title=\"ojos negros\" data-image-description=\"&lt;p&gt;ojos negros&lt;\/p&gt;\n\" data-image-caption=\"\" data-medium-file=\"https:\/\/i0.wp.com\/www.espanolsi.com\/wp-content\/uploads\/2018\/11\/ojos-negros.png?fit=300%2C134&amp;ssl=1\" data-large-file=\"https:\/\/i0.wp.com\/www.espanolsi.com\/wp-content\/uploads\/2018\/11\/ojos-negros.png?fit=548%2C244&amp;ssl=1\" class=\"wp-image-1808 aligncenter\" src=\"https:\/\/i0.wp.com\/www.espanolsi.com\/wp-content\/uploads\/2018\/11\/ojos-negros.png?resize=153%2C76&#038;ssl=1\" alt=\"ojos negros\" width=\"153\" height=\"76\" \/><\/a><\/span><\/td>\n<td style=\"width: 23.4243%; height: 20px;\"><span style=\"font-size: 14pt;\"><a href=\"https:\/\/i0.wp.com\/www.espanolsi.com\/wp-content\/uploads\/2018\/11\/ojos-marrones.png?ssl=1\" data-rel=\"lightbox-image-24\" data-rl_title=\"\" data-rl_caption=\"\" title=\"\"><img data-recalc-dims=\"1\" loading=\"lazy\" decoding=\"async\" data-attachment-id=\"1807\" data-permalink=\"https:\/\/www.espanolsi.com\/en\/descripcion-fisica\/ojos-marrones\/\" data-orig-file=\"https:\/\/i0.wp.com\/www.espanolsi.com\/wp-content\/uploads\/2018\/11\/ojos-marrones.png?fit=548%2C244&amp;ssl=1\" data-orig-size=\"548,244\" data-comments-opened=\"1\" data-image-meta=\"{&quot;aperture&quot;:&quot;0&quot;,&quot;credit&quot;:&quot;&quot;,&quot;camera&quot;:&quot;&quot;,&quot;caption&quot;:&quot;&quot;,&quot;created_timestamp&quot;:&quot;0&quot;,&quot;copyright&quot;:&quot;&quot;,&quot;focal_length&quot;:&quot;0&quot;,&quot;iso&quot;:&quot;0&quot;,&quot;shutter_speed&quot;:&quot;0&quot;,&quot;title&quot;:&quot;&quot;,&quot;orientation&quot;:&quot;0&quot;}\" data-image-title=\"ojos marrones\" data-image-description=\"&lt;p&gt;ojos marrones&lt;\/p&gt;\n\" data-image-caption=\"\" data-medium-file=\"https:\/\/i0.wp.com\/www.espanolsi.com\/wp-content\/uploads\/2018\/11\/ojos-marrones.png?fit=300%2C134&amp;ssl=1\" data-large-file=\"https:\/\/i0.wp.com\/www.espanolsi.com\/wp-content\/uploads\/2018\/11\/ojos-marrones.png?fit=548%2C244&amp;ssl=1\" class=\"wp-image-1807 aligncenter\" src=\"https:\/\/i0.wp.com\/www.espanolsi.com\/wp-content\/uploads\/2018\/11\/ojos-marrones.png?resize=150%2C78&#038;ssl=1\" alt=\"ojos marrones\" width=\"150\" height=\"78\" srcset=\"https:\/\/i0.wp.com\/www.espanolsi.com\/wp-content\/uploads\/2018\/11\/ojos-marrones.png?resize=465%2C244&amp;ssl=1 465w, https:\/\/i0.wp.com\/www.espanolsi.com\/wp-content\/uploads\/2018\/11\/ojos-marrones.png?zoom=2&amp;resize=150%2C78&amp;ssl=1 300w\" sizes=\"auto, (max-width: 150px) 100vw, 150px\" \/><\/a><\/span><\/td>\n<\/tr>\n<tr style=\"height: 5px;\">\n<td style=\"width: 26.8181%; height: 10px; text-align: center;\"><span style=\"font-size: 14pt;\">ojos verdes <\/span><\/td>\n<td style=\"width: 24.2728%; height: 10px; text-align: center;\"><span style=\"font-size: 14pt;\">ojos azules <\/span><\/td>\n<td style=\"width: 25.4848%; height: 10px; text-align: center;\"><span style=\"font-size: 14pt;\">ojos negros<\/span><\/td>\n<td style=\"width: 23.4243%; height: 10px; text-align: center;\"><span style=\"font-size: 14pt;\">ojos marrones<\/span><\/td>\n<\/tr>\n<\/tbody>\n<\/table>\n<p>&nbsp;<\/p>\n<p>&nbsp;<\/p>\n<p><span style=\"font-size: 14pt;\">Abajo podr\u00e1s ver los dos v\u00eddeos y escuchar las pronuncias:<\/span><\/p>\n<p><iframe loading=\"lazy\" src=\"https:\/\/www.youtube.com\/embed\/552O0tYggiM\" width=\"560\" height=\"315\" frameborder=\"0\" allowfullscreen=\"allowfullscreen\"><\/iframe><\/p>\n<p>&nbsp;<\/p>\n<p><iframe loading=\"lazy\" src=\"https:\/\/www.youtube.com\/embed\/f595KXdbKE0\" width=\"560\" height=\"315\" frameborder=\"0\" allowfullscreen=\"allowfullscreen\"><\/iframe><\/p>\n<p>&nbsp;<\/p>\n<p>&nbsp;<\/p>\n<p>Im\u00e1genes: freepik.com","protected":false},"excerpt":{"rendered":"<p>Vamos a aprender un poco sobre la descripci\u00f3n f\u00edsica. A la hora de describir podemos utilizar el verbo SER. Por ejemplo: Mi t\u00eda es joven Mi pap\u00e1 es mayor. Tus hermanos son muy guapos. &nbsp; Un ejemplo en el pasado: Mi abuela era morena. &nbsp; Si hablamos del peso podemos decir delgado\/flaco o gordo: Juan [&hellip;]<\/p>\n","protected":false},"author":1,"featured_media":1828,"comment_status":"open","ping_status":"closed","sticky":false,"template":"","format":"standard","meta":{"_monsterinsights_skip_tracking":false,"_monsterinsights_sitenote_active":false,"_monsterinsights_sitenote_note":"","_monsterinsights_sitenote_category":0,"jetpack_post_was_ever_published":false,"_jetpack_newsletter_access":"","_jetpack_dont_email_post_to_subs":false,"_jetpack_newsletter_tier_id":0,"_jetpack_memberships_contains_paywalled_content":false,"_jetpack_memberships_contains_paid_content":false,"footnotes":"","jetpack_publicize_message":"","jetpack_publicize_feature_enabled":true,"jetpack_social_post_already_shared":true,"jetpack_social_options":{"image_generator_settings":{"template":"highway","enabled":false},"version":2}},"categories":[246,357,245],"tags":[530,523,282,525,283,578,579,384,381,106,520,516,383,509,382,522,3],"class_list":["post-1791","post","type-post","status-publish","format-standard","has-post-thumbnail","hentry","category-gramatica","category-videos","category-vocabulario","tag-apprendre","tag-aprender","tag-aprender-espanol","tag-aprendizagem","tag-aprendizaje","tag-descripcion","tag-descripcion-fisica","tag-espagnol","tag-espanhol","tag-espanol","tag-estudiantes","tag-learn","tag-spagnolo","tag-spanisch","tag-spanish","tag-to-learn-spanish","tag-vocabulario"],"jetpack_publicize_connections":[],"jetpack_featured_media_url":"https:\/\/i0.wp.com\/www.espanolsi.com\/wp-content\/uploads\/2018\/11\/miniatura-descripci%C3%B3n-f%C3%ADsica-1.png?fit=1200%2C630&ssl=1","jetpack_sharing_enabled":true,"jetpack_shortlink":"https:\/\/wp.me\/p9pq5s-sT","jetpack_likes_enabled":true,"jetpack-related-posts":[],"_links":{"self":[{"href":"https:\/\/www.espanolsi.com\/en\/wp-json\/wp\/v2\/posts\/1791","targetHints":{"allow":["GET"]}}],"collection":[{"href":"https:\/\/www.espanolsi.com\/en\/wp-json\/wp\/v2\/posts"}],"about":[{"href":"https:\/\/www.espanolsi.com\/en\/wp-json\/wp\/v2\/types\/post"}],"author":[{"embeddable":true,"href":"https:\/\/www.espanolsi.com\/en\/wp-json\/wp\/v2\/users\/1"}],"replies":[{"embeddable":true,"href":"https:\/\/www.espanolsi.com\/en\/wp-json\/wp\/v2\/comments?post=1791"}],"version-history":[{"count":0,"href":"https:\/\/www.espanolsi.com\/en\/wp-json\/wp\/v2\/posts\/1791\/revisions"}],"wp:featuredmedia":[{"embeddable":true,"href":"https:\/\/www.espanolsi.com\/en\/wp-json\/wp\/v2\/media\/1828"}],"wp:attachment":[{"href":"https:\/\/www.espanolsi.com\/en\/wp-json\/wp\/v2\/media?parent=1791"}],"wp:term":[{"taxonomy":"category","embeddable":true,"href":"https:\/\/www.espanolsi.com\/en\/wp-json\/wp\/v2\/categories?post=1791"},{"taxonomy":"post_tag","embeddable":true,"href":"https:\/\/www.espanolsi.com\/en\/wp-json\/wp\/v2\/tags?post=1791"}],"curies":[{"name":"wp","href":"https:\/\/api.w.org\/{rel}","templated":true}]}}