{"id":229,"date":"2017-11-16T20:51:57","date_gmt":"2017-11-16T22:51:57","guid":{"rendered":"https:\/\/www.espanolsi.com\/?p=229"},"modified":"2018-05-01T12:03:31","modified_gmt":"2018-05-01T15:03:31","slug":"los-dias-de-la-semana","status":"publish","type":"post","link":"https:\/\/www.espanolsi.com\/en\/los-dias-de-la-semana\/","title":{"rendered":"Los d\u00edas de la semana"},"content":{"rendered":"<p style=\"text-align: center;\"><strong>Los d\u00edas de la semana<\/strong><\/p>\n<p><a href=\"https:\/\/i0.wp.com\/www.espanolsi.com\/wp-content\/uploads\/2017\/11\/El-sistema-solar.jpg?ssl=1\" data-rel=\"lightbox-image-0\" data-rl_title=\"\" data-rl_caption=\"\" title=\"\"><img data-recalc-dims=\"1\" loading=\"lazy\" decoding=\"async\" data-attachment-id=\"233\" data-permalink=\"https:\/\/www.espanolsi.com\/en\/los-dias-de-la-semana\/el-sistema-solar\/\" data-orig-file=\"https:\/\/i0.wp.com\/www.espanolsi.com\/wp-content\/uploads\/2017\/11\/El-sistema-solar.jpg?fit=800%2C800&amp;ssl=1\" data-orig-size=\"800,800\" data-comments-opened=\"1\" data-image-meta=\"{&quot;aperture&quot;:&quot;0&quot;,&quot;credit&quot;:&quot;&quot;,&quot;camera&quot;:&quot;&quot;,&quot;caption&quot;:&quot;&quot;,&quot;created_timestamp&quot;:&quot;0&quot;,&quot;copyright&quot;:&quot;&quot;,&quot;focal_length&quot;:&quot;0&quot;,&quot;iso&quot;:&quot;0&quot;,&quot;shutter_speed&quot;:&quot;0&quot;,&quot;title&quot;:&quot;&quot;,&quot;orientation&quot;:&quot;0&quot;}\" data-image-title=\"El-sistema-solar\" data-image-description=\"\" data-image-caption=\"\" data-medium-file=\"https:\/\/i0.wp.com\/www.espanolsi.com\/wp-content\/uploads\/2017\/11\/El-sistema-solar.jpg?fit=300%2C300&amp;ssl=1\" data-large-file=\"https:\/\/i0.wp.com\/www.espanolsi.com\/wp-content\/uploads\/2017\/11\/El-sistema-solar.jpg?fit=640%2C640&amp;ssl=1\" class=\"aligncenter wp-image-233 size-medium\" src=\"https:\/\/i0.wp.com\/www.espanolsi.com\/wp-content\/uploads\/2017\/11\/El-sistema-solar.jpg?resize=300%2C300&#038;ssl=1\" alt=\"\" width=\"300\" height=\"300\" srcset=\"https:\/\/i0.wp.com\/www.espanolsi.com\/wp-content\/uploads\/2017\/11\/El-sistema-solar.jpg?resize=300%2C300&amp;ssl=1 300w, https:\/\/i0.wp.com\/www.espanolsi.com\/wp-content\/uploads\/2017\/11\/El-sistema-solar.jpg?resize=150%2C150&amp;ssl=1 150w, https:\/\/i0.wp.com\/www.espanolsi.com\/wp-content\/uploads\/2017\/11\/El-sistema-solar.jpg?resize=768%2C768&amp;ssl=1 768w, https:\/\/i0.wp.com\/www.espanolsi.com\/wp-content\/uploads\/2017\/11\/El-sistema-solar.jpg?w=800&amp;ssl=1 800w\" sizes=\"auto, (max-width: 300px) 100vw, 300px\" \/><\/a><\/p>\n<p>&nbsp;<\/p>\n<p><span style=\"font-size: 14pt;\">La foto que est\u00e1 arriba tiene mucho que ver con el nombre de los d\u00edas de la semana, aunque se hayan originado del lat\u00edn.<\/span><\/p>\n<p><span style=\"font-size: 14pt;\">Con observar el cielo nos damos cuenta que los nombres de los d\u00edas se basan en los astros.<\/span><br \/>\n<span style=\"font-size: 14pt;\">El primer d\u00eda de la semana en algunos pa\u00edses del mundo hispano, como Espa\u00f1a, es el lunes que viene de luna, nuestro sat\u00e9lite.<br \/>\nEl segundo es el martes que tiene que ver con el planeta Marte.<br \/>\nEl tercer es el mi\u00e9rcoles q<\/span><span style=\"font-size: 14pt;\">ue toma su nombre de Mercurio.<br \/>\n<\/span><span style=\"font-size: 14pt;\">Despu\u00e9s viene el jueves y el viernes <\/span><span style=\"font-size: 14pt;\">que se refieren a J\u00fapiter y Venus.<br \/>\nEl s\u00e1bado y el domingo son los \u00fanicos que tienen otro origen. El s\u00e1bado viene del hebreo <em>shabbat<\/em> que significa descansar. El domingo se refiere al d\u00eda del se\u00f1or,\u00a0<em>dominicus<\/em>\u00a0en lat\u00edn.<\/span><\/p>\n<ul>\n<li><span style=\"font-size: 14pt;\"><span style=\"font-size: 14pt;\">Los d\u00edas de la semana en espa\u00f1ol son todos masculinos: <strong>El<\/strong> lunes, <strong>el<\/strong> ma<\/span><\/span><span style=\"font-size: 14pt;\">rtes, &#8230;<\/span><\/li>\n<li><span style=\"font-size: 14pt;\"><span style=\"font-size: 14pt;\">Para escribirlos en plural casi todos se quedan iguales que en singular solo camb<\/span><\/span><span style=\"font-size: 14pt;\">ia el art\u00edculo:<\/span><\/li>\n<\/ul>\n<p style=\"text-align: center;\"><span style=\"font-size: 14pt;\"><strong>El <\/strong>lunes<strong>\u00a0 \u00a0&#8211;\u00a0 \u00a0Los<\/strong> lunes<br \/>\n<\/span><span style=\"font-size: 14pt;\"><strong>\u00a0 \u00a0El<\/strong> martes\u00a0 &#8211; <strong>Los<\/strong> martes<\/span><\/p>\n<p><span style=\"font-size: 14pt;\"> A los dos \u00faltimos d\u00edas <\/span><span style=\"font-size: 14pt;\">de la semana les a\u00f1adimos la &#8220;s&#8221; para ponerlo<\/span><span style=\"font-size: 14pt;\">s en plural: <\/span><\/p>\n<p style=\"text-align: center;\"><span style=\"font-size: 14pt;\">El s\u00e1bado\u00a0 \u00a0 &#8211;\u00a0 Los s\u00e1bado<strong>s<br \/>\n<\/strong><\/span><span style=\"font-size: 14pt;\">\u00a0 \u00a0El domingo &#8211; Los domingo<strong>s<\/strong><\/span><\/p>\n<p><span style=\"font-size: 14pt;\">En portugu\u00e9s la mayor\u00eda de los d\u00edas de la semana son femeninos: A segunda-feira, A ter\u00e7a-feira, &#8230;<br \/>\nPor eso hay que estar atento a la hora de escribirlos en espa\u00f1ol con su art\u00edculo correcto:<br \/>\n<\/span><\/p>\n<table class=\"aligncenter\" style=\"border-color: #691300; background-color: #deaca4; width: 315px;\" border=\"3\" cellspacing=\"0\" cellpadding=\"3\">\n<tbody>\n<tr>\n<td style=\"width: 145px;\"><span style=\"font-size: 14pt;\"><strong>\u00a0El mi\u00e9rcoles<\/strong><\/span><\/td>\n<td style=\"width: 170px;\"><span style=\"font-size: 14pt;\"><strong>\u00a0 A quarta-feira<\/strong><\/span><\/td>\n<\/tr>\n<tr>\n<td style=\"width: 145px;\"><span style=\"font-size: 14pt;\"><strong>\u00a0\u00a0El jueves<\/strong><\/span><\/td>\n<td style=\"width: 170px;\"><span style=\"font-size: 14pt;\"><span style=\"font-size: 14pt;\"><strong>\u00a0\u00a0A quinta-feira<\/strong><\/span><\/span><\/td>\n<\/tr>\n<\/tbody>\n<\/table>\n<p>&nbsp;<\/p>\n<p><span style=\"font-size: 14pt;\"><strong>\u00a1OJO!<\/strong> No se dice: La mi\u00e9rcoles, la jueves.<\/span><\/p>\n<p><span style=\"font-size: 14pt;\"><strong>Escucha las frases:<\/strong><\/span><\/p>\n<audio class=\"wp-audio-shortcode\" id=\"audio-229-8\" preload=\"none\" style=\"width: 100%;\" controls=\"controls\"><source type=\"audio\/mpeg\" src=\"https:\/\/www.espanolsi.com\/wp-content\/uploads\/2017\/11\/Frases-del-blog-1-1.mp3?_=8\" \/><source type=\"audio\/ogg\" src=\"https:\/\/www.espanolsi.com\/wp-content\/uploads\/2017\/11\/Frases-del-blog-7_01.ogg?_=8\" \/><a href=\"https:\/\/www.espanolsi.com\/wp-content\/uploads\/2017\/11\/Frases-del-blog-1-1.mp3\">https:\/\/www.espanolsi.com\/wp-content\/uploads\/2017\/11\/Frases-del-blog-1-1.mp3<\/a><\/audio>\n<p><span style=\"font-size: 14pt;\">Todos los lunes voy a la clase de alem\u00e1n.<\/span><\/p>\n<audio class=\"wp-audio-shortcode\" id=\"audio-229-9\" preload=\"none\" style=\"width: 100%;\" controls=\"controls\"><source type=\"audio\/mpeg\" src=\"https:\/\/www.espanolsi.com\/wp-content\/uploads\/2017\/11\/Frases-del-blog-2_01.mp3?_=9\" \/><source type=\"audio\/ogg\" src=\"https:\/\/www.espanolsi.com\/wp-content\/uploads\/2017\/11\/Frases-del-blog-2_01.ogg?_=9\" \/><source type=\"audio\/wav\" src=\"https:\/\/www.espanolsi.com\/wp-content\/uploads\/2017\/11\/Frases-del-blog-2.wav?_=9\" \/><a href=\"https:\/\/www.espanolsi.com\/wp-content\/uploads\/2017\/11\/Frases-del-blog-2_01.mp3\">https:\/\/www.espanolsi.com\/wp-content\/uploads\/2017\/11\/Frases-del-blog-2_01.mp3<\/a><\/audio>\n<p><span style=\"font-size: 14pt;\">El martes tengo clase de econom\u00eda en la universidad.<br \/>\n<\/span><\/p>\n<audio class=\"wp-audio-shortcode\" id=\"audio-229-10\" preload=\"none\" style=\"width: 100%;\" controls=\"controls\"><source type=\"audio\/mpeg\" src=\"https:\/\/www.espanolsi.com\/wp-content\/uploads\/2017\/11\/Frases-del-blog-3_01-1.mp3?_=10\" \/><source type=\"audio\/ogg\" src=\"https:\/\/www.espanolsi.com\/wp-content\/uploads\/2017\/11\/Frases-del-blog-3_01.ogg?_=10\" \/><source type=\"audio\/wav\" src=\"https:\/\/www.espanolsi.com\/wp-content\/uploads\/2017\/11\/Frases-del-blog-7.wav?_=10\" \/><a href=\"https:\/\/www.espanolsi.com\/wp-content\/uploads\/2017\/11\/Frases-del-blog-3_01-1.mp3\">https:\/\/www.espanolsi.com\/wp-content\/uploads\/2017\/11\/Frases-del-blog-3_01-1.mp3<\/a><\/audio>\n<p><span style=\"font-size: 14pt;\">El mi\u00e9rcoles pasado estuve en el centro comercial con unos amigos.<\/span><\/p>\n<audio class=\"wp-audio-shortcode\" id=\"audio-229-11\" preload=\"none\" style=\"width: 100%;\" controls=\"controls\"><source type=\"audio\/mpeg\" src=\"https:\/\/www.espanolsi.com\/wp-content\/uploads\/2017\/11\/Frases-del-blog-4_01.mp3?_=11\" \/><source type=\"audio\/ogg\" src=\"https:\/\/www.espanolsi.com\/wp-content\/uploads\/2017\/11\/Frases-del-blog-4_01.ogg?_=11\" \/><source type=\"audio\/wav\" src=\"https:\/\/www.espanolsi.com\/wp-content\/uploads\/2017\/11\/Frases-del-blog-4.wav?_=11\" \/><a href=\"https:\/\/www.espanolsi.com\/wp-content\/uploads\/2017\/11\/Frases-del-blog-4_01.mp3\">https:\/\/www.espanolsi.com\/wp-content\/uploads\/2017\/11\/Frases-del-blog-4_01.mp3<\/a><\/audio>\n<p><span style=\"font-size: 14pt;\">Los jueves por la ma\u00f1ana practico deportes acu\u00e1ticos.<br \/>\n<\/span><\/p>\n<audio class=\"wp-audio-shortcode\" id=\"audio-229-12\" preload=\"none\" style=\"width: 100%;\" controls=\"controls\"><source type=\"audio\/mpeg\" src=\"https:\/\/www.espanolsi.com\/wp-content\/uploads\/2017\/11\/Frases-del-blog-5_01-1.mp3?_=12\" \/><source type=\"audio\/ogg\" src=\"https:\/\/www.espanolsi.com\/wp-content\/uploads\/2017\/11\/Frases-del-blog-5_01.ogg?_=12\" \/><source type=\"audio\/wav\" src=\"https:\/\/www.espanolsi.com\/wp-content\/uploads\/2017\/11\/Frases-del-blog-5.wav?_=12\" \/><a href=\"https:\/\/www.espanolsi.com\/wp-content\/uploads\/2017\/11\/Frases-del-blog-5_01-1.mp3\">https:\/\/www.espanolsi.com\/wp-content\/uploads\/2017\/11\/Frases-del-blog-5_01-1.mp3<\/a><\/audio>\n<p><span style=\"font-size: 14pt;\">Los viernes por la noche voy de parranda con mis compa\u00f1eros de trabajo.<br \/>\n<\/span><\/p>\n<audio class=\"wp-audio-shortcode\" id=\"audio-229-13\" preload=\"none\" style=\"width: 100%;\" controls=\"controls\"><source type=\"audio\/mpeg\" src=\"https:\/\/www.espanolsi.com\/wp-content\/uploads\/2017\/11\/Frases-del-blog-6_01-1.mp3?_=13\" \/><source type=\"audio\/ogg\" src=\"https:\/\/www.espanolsi.com\/wp-content\/uploads\/2017\/11\/Frases-del-blog-6_01.ogg?_=13\" \/><source type=\"audio\/wav\" src=\"https:\/\/www.espanolsi.com\/wp-content\/uploads\/2017\/11\/Frases-del-blog-6.wav?_=13\" \/><a href=\"https:\/\/www.espanolsi.com\/wp-content\/uploads\/2017\/11\/Frases-del-blog-6_01-1.mp3\">https:\/\/www.espanolsi.com\/wp-content\/uploads\/2017\/11\/Frases-del-blog-6_01-1.mp3<\/a><\/audio>\n<p><span style=\"font-size: 14pt;\">Los s\u00e1bados duermo hasta las diez de la ma\u00f1ana.<br \/>\n<\/span><\/p>\n<audio class=\"wp-audio-shortcode\" id=\"audio-229-14\" preload=\"none\" style=\"width: 100%;\" controls=\"controls\"><source type=\"audio\/mpeg\" src=\"https:\/\/www.espanolsi.com\/wp-content\/uploads\/2017\/11\/Frases-del-blog-7_01.mp3?_=14\" \/><source type=\"audio\/ogg\" src=\"https:\/\/www.espanolsi.com\/wp-content\/uploads\/2017\/11\/Frases-del-blog-7_01.ogg?_=14\" \/><source type=\"audio\/wav\" src=\"https:\/\/www.espanolsi.com\/wp-content\/uploads\/2017\/11\/Frases-del-blog-7-1.wav?_=14\" \/><a href=\"https:\/\/www.espanolsi.com\/wp-content\/uploads\/2017\/11\/Frases-del-blog-7_01.mp3\">https:\/\/www.espanolsi.com\/wp-content\/uploads\/2017\/11\/Frases-del-blog-7_01.mp3<\/a><\/audio>\n<p><span style=\"font-size: 14pt;\">Los domingos por la ma\u00f1ana voy a misa.<\/span><\/p>\n<p>&nbsp;<\/p>\n<p><span style=\"font-size: 14pt; font-family: georgia, palatino, serif;\">\u00bfQu\u00e9 d\u00eda es hoy?\u00a0\u00bfTienes alguna cita esta semana?<\/span><br \/>\n<span style=\"font-size: 14pt; font-family: georgia, palatino, serif;\"> Cu\u00e9ntanos c\u00f3mo es tu rutina.<\/span><\/p>\n<p><span style=\"font-size: 14pt;\">Te dejo un v\u00eddeo sobre los d\u00edas de la semana y otro con los meses:<\/span><\/p>\n<p><iframe loading=\"lazy\" src=\"https:\/\/www.youtube.com\/embed\/LvRKhPdNmLw\" width=\"560\" height=\"315\" frameborder=\"0\" allowfullscreen=\"allowfullscreen\"><\/iframe><\/p>\n<p><iframe loading=\"lazy\" src=\"https:\/\/www.youtube.com\/embed\/2vwhesLtR_Y\" width=\"560\" height=\"315\" frameborder=\"0\" allowfullscreen=\"allowfullscreen\"><\/iframe><\/p>\n<p>Saludos<br \/>\nAwdrey Santos","protected":false},"excerpt":{"rendered":"<p>Los d\u00edas de la semana &nbsp; La foto que est\u00e1 arriba tiene mucho que ver con el nombre de los d\u00edas de la semana, aunque se hayan originado del lat\u00edn. Con observar el cielo nos damos cuenta que los nombres de los d\u00edas se basan en los astros. El primer d\u00eda de la semana en [&hellip;]<\/p>\n","protected":false},"author":1,"featured_media":230,"comment_status":"open","ping_status":"closed","sticky":false,"template":"","format":"standard","meta":{"_monsterinsights_skip_tracking":false,"_monsterinsights_sitenote_active":false,"_monsterinsights_sitenote_note":"","_monsterinsights_sitenote_category":0,"jetpack_post_was_ever_published":false,"_jetpack_newsletter_access":"","_jetpack_dont_email_post_to_subs":false,"_jetpack_newsletter_tier_id":0,"_jetpack_memberships_contains_paywalled_content":false,"_jetpack_memberships_contains_paid_content":false,"footnotes":"","jetpack_publicize_message":"","jetpack_publicize_feature_enabled":true,"jetpack_social_post_already_shared":false,"jetpack_social_options":{"image_generator_settings":{"template":"highway","enabled":false},"version":2}},"categories":[250,246],"tags":[42,253,251,254,222,39,258,255,256,257,252,260,259],"class_list":["post-229","post","type-post","status-publish","format-standard","has-post-thumbnail","hentry","category-cultura-y-tradicion","category-gramatica","tag-cotidiano","tag-dia","tag-dias-de-la-semana","tag-dias-masculinos","tag-gramatica-espanol","tag-hoy","tag-jueves","tag-lunes","tag-martes","tag-miercoles","tag-planetas","tag-sabados","tag-viernes"],"jetpack_publicize_connections":[],"jetpack_featured_media_url":"https:\/\/i0.wp.com\/www.espanolsi.com\/wp-content\/uploads\/2017\/11\/d%C3%ADas-de-la-semana.jpg?fit=800%2C800&ssl=1","jetpack_sharing_enabled":true,"jetpack_shortlink":"https:\/\/wp.me\/p9pq5s-3H","jetpack_likes_enabled":true,"jetpack-related-posts":[],"_links":{"self":[{"href":"https:\/\/www.espanolsi.com\/en\/wp-json\/wp\/v2\/posts\/229","targetHints":{"allow":["GET"]}}],"collection":[{"href":"https:\/\/www.espanolsi.com\/en\/wp-json\/wp\/v2\/posts"}],"about":[{"href":"https:\/\/www.espanolsi.com\/en\/wp-json\/wp\/v2\/types\/post"}],"author":[{"embeddable":true,"href":"https:\/\/www.espanolsi.com\/en\/wp-json\/wp\/v2\/users\/1"}],"replies":[{"embeddable":true,"href":"https:\/\/www.espanolsi.com\/en\/wp-json\/wp\/v2\/comments?post=229"}],"version-history":[{"count":0,"href":"https:\/\/www.espanolsi.com\/en\/wp-json\/wp\/v2\/posts\/229\/revisions"}],"wp:featuredmedia":[{"embeddable":true,"href":"https:\/\/www.espanolsi.com\/en\/wp-json\/wp\/v2\/media\/230"}],"wp:attachment":[{"href":"https:\/\/www.espanolsi.com\/en\/wp-json\/wp\/v2\/media?parent=229"}],"wp:term":[{"taxonomy":"category","embeddable":true,"href":"https:\/\/www.espanolsi.com\/en\/wp-json\/wp\/v2\/categories?post=229"},{"taxonomy":"post_tag","embeddable":true,"href":"https:\/\/www.espanolsi.com\/en\/wp-json\/wp\/v2\/tags?post=229"}],"curies":[{"name":"wp","href":"https:\/\/api.w.org\/{rel}","templated":true}]}}