{"id":2562,"date":"2020-09-04T12:14:23","date_gmt":"2020-09-04T15:14:23","guid":{"rendered":"https:\/\/www.espanolsi.com\/?p=2562"},"modified":"2020-09-06T15:59:50","modified_gmt":"2020-09-06T18:59:50","slug":"el-viaje-o-la-viaje","status":"publish","type":"post","link":"https:\/\/www.espanolsi.com\/en\/el-viaje-o-la-viaje\/","title":{"rendered":"\u00bfEl viaje o la viaje?"},"content":{"rendered":"<a href=\"https:\/\/i0.wp.com\/www.espanolsi.com\/wp-content\/uploads\/2018\/03\/femenino-o-masculino.png?ssl=1\" data-rel=\"lightbox-image-0\" data-rl_title=\"\" data-rl_caption=\"\" title=\"\"><img data-recalc-dims=\"1\" loading=\"lazy\" decoding=\"async\" data-attachment-id=\"1489\" data-permalink=\"https:\/\/www.espanolsi.com\/en\/femenino-o-masculino\/femenino-o-masculino-2\/\" data-orig-file=\"https:\/\/i0.wp.com\/www.espanolsi.com\/wp-content\/uploads\/2018\/03\/femenino-o-masculino.png?fit=1200%2C630&amp;ssl=1\" data-orig-size=\"1200,630\" data-comments-opened=\"1\" data-image-meta=\"{&quot;aperture&quot;:&quot;0&quot;,&quot;credit&quot;:&quot;&quot;,&quot;camera&quot;:&quot;&quot;,&quot;caption&quot;:&quot;&quot;,&quot;created_timestamp&quot;:&quot;0&quot;,&quot;copyright&quot;:&quot;&quot;,&quot;focal_length&quot;:&quot;0&quot;,&quot;iso&quot;:&quot;0&quot;,&quot;shutter_speed&quot;:&quot;0&quot;,&quot;title&quot;:&quot;&quot;,&quot;orientation&quot;:&quot;0&quot;}\" data-image-title=\"femenino o masculino\" data-image-description=\"&lt;p&gt;femenino o masculino&lt;\/p&gt;\n\" data-image-caption=\"\" data-medium-file=\"https:\/\/i0.wp.com\/www.espanolsi.com\/wp-content\/uploads\/2018\/03\/femenino-o-masculino.png?fit=300%2C158&amp;ssl=1\" data-large-file=\"https:\/\/i0.wp.com\/www.espanolsi.com\/wp-content\/uploads\/2018\/03\/femenino-o-masculino.png?fit=640%2C336&amp;ssl=1\" class=\" wp-image-1489 aligncenter\" src=\"https:\/\/i0.wp.com\/www.espanolsi.com\/wp-content\/uploads\/2018\/03\/femenino-o-masculino.png?resize=310%2C167&#038;ssl=1\" alt=\"\" width=\"310\" height=\"167\" \/><\/a><\/p>\n<p>No es f\u00e1cil identificar el g\u00e9nero de un palabra, pero a veces algo en la palabra nos puede demostrarlo. En general las palabras terminadas en &#8220;<span style=\"color: #ff00ff;\">a<\/span>&#8221; son femeninas y las palabras terminadas en &#8220;<span style=\"color: #0000ff;\">o<\/span>&#8221; son masculinas. Ejemplos: la casa, la chica, el chico, el abuelo.<\/p>\n<p>Por supuesto que hay excepciones, por ejemplo: la moto, el sof\u00e1, la mano.<\/p>\n<p>Los d\u00edas de la semana son masculinos: el lunes, el martes, el mi\u00e9rcoles, el jueves, el viernes, el s\u00e1bado y el domingo.<\/p>\n<p>Antes de contestar la pregunta del t\u00edtulo de esta\u00a0 publicaci\u00f3n te voy a recomendar dos libros de gram\u00e1tica. La versi\u00f3n Kindle tiene buenos precios:<\/p>\n<p><a href=\"https:\/\/amzn.to\/3i6ZmxI\"><img data-recalc-dims=\"1\" loading=\"lazy\" decoding=\"async\" class=\"alignleft\" src=\"https:\/\/i0.wp.com\/images-na.ssl-images-amazon.com\/images\/I\/418CcIxWqCL._SX331_BO1%2C204%2C203%2C200_.jpg?resize=87%2C123&#038;ssl=1\" width=\"87\" height=\"123\" \/><\/a><\/p>\n<p><a class=\"\" href=\"https:\/\/amzn.to\/3i6ZmxI\" target=\"_blank\" rel=\"noopener noreferrer\">Gram\u00e1tica y Ortograf\u00eda b\u00e1sicas de la lengua espa\u00f1ola<\/a><\/p>\n<p>&nbsp;<\/p>\n<p>&nbsp;<\/p>\n<p>&nbsp;<\/p>\n<p><a href=\"https:\/\/amzn.to\/2QWQIFM\"><img loading=\"lazy\" decoding=\"async\" class=\" alignleft\" src=\"https:\/\/m.media-amazon.com\/images\/I\/41Q5ii06G7L.jpg\" width=\"102\" height=\"176\" \/><\/a><a class=\"\" href=\"https:\/\/amzn.to\/359vjSf\" target=\"_blank\" rel=\"noopener noreferrer\">Lengua Espa\u00f1ola: Manual B\u00e1sico<\/a><\/p>\n<p>&nbsp;<\/p>\n<p>&nbsp;<\/p>\n<p>&nbsp;<\/p>\n<p>&nbsp;<\/p>\n<p>\u00a1Volvamos al tema!<\/p>\n<p>Las palabras terminadas en &#8220;aje&#8221; son masculinas. Escucha la pronunciaci\u00f3n de los ejemplos abajo:<\/p>\n<div class=\"compact_audio_player_wrapper\"><div class=\"sc_player_container1\"><input type=\"button\" id=\"btnplay_69f1fff0dbf1c0.14442261\" class=\"myButton_play\" onClick=\"play_mp3('play','69f1fff0dbf1c0.14442261','https:\/\/www.espanolsi.com\/wp-content\/uploads\/2020\/09\/AJE.mp3','80','false');show_hide('play','69f1fff0dbf1c0.14442261');\" \/><input type=\"button\"  id=\"btnstop_69f1fff0dbf1c0.14442261\" style=\"display:none\" class=\"myButton_stop\" onClick=\"play_mp3('stop','69f1fff0dbf1c0.14442261','','80','false');show_hide('stop','69f1fff0dbf1c0.14442261');\" \/><div id=\"sm2-container\"><!-- flash movie ends up here --><\/div><\/div><\/div> el vi<strong>aje, <\/strong>el foll<strong>aje,<\/strong> el pais<strong>aje<\/strong>, el pas<strong>aje<\/strong>, el mens<strong>aje<\/strong>, el cor<strong>aje<\/strong>, el pe<strong>aje<\/strong>, el aprendiz<strong>aje<\/strong>, el maquil<strong>aje<\/strong>, el equip<strong>aje<\/strong>, el gar<strong>aje<\/strong>, el mas<strong>aje<\/strong>.<\/p>\n<p>En mi blog hablo un poco m\u00e1s sobre el <a class=\"\" href=\"https:\/\/www.espanolsi.com\/femenino-o-masculino\/\" target=\"_blank\" rel=\"noopener noreferrer\">femenino y el masculino\u00a0<\/a> en espa\u00f1ol (haz un clic en el enlace). Te recomiendo que lo leas tras terminar de leer esta publicaci\u00f3n.<\/p>\n<p>Te dejo este v\u00eddeo para concluir el tema:<\/p>\n<p><iframe loading=\"lazy\" src=\"https:\/\/www.youtube.com\/embed\/w33N8rWtlbc\" width=\"560\" height=\"315\" frameborder=\"0\" allowfullscreen=\"allowfullscreen\"><\/iframe><\/p>\n<p>&nbsp;<\/p>\n<p>&nbsp;<\/p>\n<p>&nbsp;<\/p>\n<p>&nbsp;<\/p>\n<p>Im\u00e1genes:<\/p>\n<p>&lt;a href=&#8217;https:\/\/www.freepik.com\/vectors\/food&#8217;&gt;Food vector created by stories &#8211; www.freepik.com&lt;\/a&gt;","protected":false},"excerpt":{"rendered":"<p>No es f\u00e1cil identificar el g\u00e9nero de un palabra, pero a veces algo en la palabra nos puede demostrarlo. En general las palabras terminadas en &#8220;a&#8221; son femeninas y las palabras terminadas en &#8220;o&#8221; son masculinas. Ejemplos: la casa, la chica, el chico, el abuelo. Por supuesto que hay excepciones, por ejemplo: la moto, el [&hellip;]<\/p>\n","protected":false},"author":1,"featured_media":2563,"comment_status":"open","ping_status":"open","sticky":false,"template":"","format":"standard","meta":{"_monsterinsights_skip_tracking":false,"_monsterinsights_sitenote_active":false,"_monsterinsights_sitenote_note":"","_monsterinsights_sitenote_category":0,"jetpack_post_was_ever_published":false,"_jetpack_newsletter_access":"","_jetpack_dont_email_post_to_subs":false,"_jetpack_newsletter_tier_id":0,"_jetpack_memberships_contains_paywalled_content":false,"_jetpack_memberships_contains_paid_content":false,"footnotes":"","jetpack_publicize_message":"","jetpack_publicize_feature_enabled":true,"jetpack_social_post_already_shared":true,"jetpack_social_options":{"image_generator_settings":{"template":"highway","enabled":false},"version":2}},"categories":[1],"tags":[],"class_list":["post-2562","post","type-post","status-publish","format-standard","has-post-thumbnail","hentry","category-sem-categoria"],"jetpack_publicize_connections":[],"jetpack_featured_media_url":"https:\/\/i0.wp.com\/www.espanolsi.com\/wp-content\/uploads\/2020\/09\/el-viaje-o-la-viaje.jpg?fit=500%2C333&ssl=1","jetpack_sharing_enabled":true,"jetpack_shortlink":"https:\/\/wp.me\/p9pq5s-Fk","jetpack_likes_enabled":true,"jetpack-related-posts":[],"_links":{"self":[{"href":"https:\/\/www.espanolsi.com\/en\/wp-json\/wp\/v2\/posts\/2562","targetHints":{"allow":["GET"]}}],"collection":[{"href":"https:\/\/www.espanolsi.com\/en\/wp-json\/wp\/v2\/posts"}],"about":[{"href":"https:\/\/www.espanolsi.com\/en\/wp-json\/wp\/v2\/types\/post"}],"author":[{"embeddable":true,"href":"https:\/\/www.espanolsi.com\/en\/wp-json\/wp\/v2\/users\/1"}],"replies":[{"embeddable":true,"href":"https:\/\/www.espanolsi.com\/en\/wp-json\/wp\/v2\/comments?post=2562"}],"version-history":[{"count":13,"href":"https:\/\/www.espanolsi.com\/en\/wp-json\/wp\/v2\/posts\/2562\/revisions"}],"predecessor-version":[{"id":2580,"href":"https:\/\/www.espanolsi.com\/en\/wp-json\/wp\/v2\/posts\/2562\/revisions\/2580"}],"wp:featuredmedia":[{"embeddable":true,"href":"https:\/\/www.espanolsi.com\/en\/wp-json\/wp\/v2\/media\/2563"}],"wp:attachment":[{"href":"https:\/\/www.espanolsi.com\/en\/wp-json\/wp\/v2\/media?parent=2562"}],"wp:term":[{"taxonomy":"category","embeddable":true,"href":"https:\/\/www.espanolsi.com\/en\/wp-json\/wp\/v2\/categories?post=2562"},{"taxonomy":"post_tag","embeddable":true,"href":"https:\/\/www.espanolsi.com\/en\/wp-json\/wp\/v2\/tags?post=2562"}],"curies":[{"name":"wp","href":"https:\/\/api.w.org\/{rel}","templated":true}]}}