{"id":33,"date":"2017-05-16T17:43:00","date_gmt":"2017-05-16T20:43:00","guid":{"rendered":""},"modified":"2017-11-30T20:47:14","modified_gmt":"2017-11-30T22:47:14","slug":"presente-de-indicativo","status":"publish","type":"post","link":"https:\/\/www.espanolsi.com\/en\/presente-de-indicativo\/","title":{"rendered":"El presente de Indicativo:"},"content":{"rendered":"<div style=\"mso-list: l0 level1 lfo1; text-indent: -18.0pt; margin: 0cm 0cm 0cm 36.0pt;\">\n<div style=\"clear: both; text-align: center;\"><a href=\"https:\/\/i0.wp.com\/www.espanolsi.com\/wp-content\/uploads\/2017\/05\/rel-25C3-25B3gio-300x160.png?ssl=1\" data-rel=\"lightbox-image-0\" data-rl_title=\"\" data-rl_caption=\"\" title=\"\"><img data-recalc-dims=\"1\" loading=\"lazy\" decoding=\"async\" class=\"alignnone\" style=\"border: none !important; padding: 0 !important;\" src=\"https:\/\/i0.wp.com\/www.espanolsi.com\/wp-content\/uploads\/2017\/05\/rel-25C3-25B3gio.png?resize=200%2C106&#038;ssl=1\" alt=\"palabra &quot;Hoy&quot;\" width=\"200\" height=\"106\" border=\"0\" \/><\/a><\/div>\n<div style=\"clear: both; text-align: center;\"><\/div>\n<p><!-- [if !supportLists]--><span style=\"color: #1f4e79; font-family: 'wingdings'; font-size: 13.5pt;\">\u00d8<span style=\"font-family: 'times new roman'; font-size: 7pt; font-stretch: normal; line-height: normal;\">\u00a0 <\/span><\/span><!--[endif]--><span style=\"font-family: 'verdana' , sans-serif; font-size: 10pt;\">El presente sirve para expresar acciones cotidianas, para hablar de la rutina, nos se\u00f1ala algo que estamos haciendo en este momento:<\/span><\/p>\n<\/div>\n<div style=\"margin-bottom: .0001pt; margin: 0cm; text-align: justify;\"><\/div>\n<div style=\"margin-bottom: .0001pt; margin: 0cm; text-align: center;\" align=\"center\"><span style=\"font-family: 'verdana' , sans-serif; font-size: 10pt;\">Todos los d\u00edas me despierto a las ocho.<\/span><\/div>\n<div style=\"margin: 0cm 0cm 0.0001pt;\" align=\"center\"><span style=\"font-family: 'verdana' , sans-serif; font-size: 10pt;\">Me ejercito todas las ma\u00f1anas.<\/span><\/div>\n<div style=\"margin-bottom: .0001pt; margin: 0cm; text-align: center;\" align=\"center\"><span style=\"font-family: 'verdana' , sans-serif; font-size: 10pt;\">Me ducho antes de desayunar.<\/span><br \/>\n<span style=\"font-family: 'verdana' , sans-serif; font-size: 10pt;\"><br \/>\n<\/span><\/div>\n<div style=\"margin-bottom: .0001pt; margin: 0cm; text-align: center;\" align=\"center\"><\/div>\n<div style=\"margin-bottom: .0001pt; margin: 0cm; text-align: justify;\"><span style=\"font-family: 'verdana' , sans-serif; font-size: 10pt;\">Los verbos en espa\u00f1ol est\u00e1n clasificados en regulares e irregulares, por eso para aprenderlos es muy importantes leer mucho, ver pel\u00edculas y v\u00eddeos sobres los temas que te interesan (en youtube hay mucha cosa gratuita), o\u00edr canciones y practicar ejercicios.<\/span><br \/>\n<u><span style=\"font-family: 'verdana' , sans-serif; font-size: 10pt;\"><br \/>\n<\/span><\/u><u><span style=\"font-family: 'verdana' , sans-serif; font-size: 10pt;\">Vamos a practicar las conjugaciones de presente:<\/span><\/u><\/div>\n<div style=\"margin-bottom: .0001pt; margin: 0cm; text-align: justify;\"><\/div>\n<div style=\"line-height: 150%; margin-bottom: .0001pt; margin: 0cm; text-align: center;\" align=\"center\"><span style=\"font-family: 'verdana' , sans-serif; font-size: 9.5pt; line-height: 150%;\">Siempre\u00a0<u>estudio<\/u>\u00a0y me<u>\u00a0<\/u><u>salgo<\/u>\u00a0bien en los ex\u00e1menes.<\/span><\/div>\n<div style=\"line-height: 150%; margin-bottom: .0001pt; margin: 0cm; text-align: justify;\"><\/div>\n<div style=\"line-height: 150%; margin-bottom: .0001pt; margin: 0cm; text-align: justify;\"><span style=\"color: #1f4e79; font-family: 'verdana' , 'sans-serif'; font-size: 9.5pt; line-height: 150%;\">1) <\/span><span style=\"font-family: 'verdana' , sans-serif; font-size: 9.5pt; line-height: 150%;\">Hoy __________muy contenta, por eso ___________a celebrar.(yo-estar\/ir)<\/span><\/div>\n<div style=\"line-height: 150%; margin-bottom: .0001pt; margin: 0cm; text-align: justify;\"><span style=\"color: #1f4e79; font-family: 'verdana' , 'sans-serif'; font-size: 9.5pt; line-height: 150%;\">2) <\/span><span style=\"font-family: 'verdana' , sans-serif; font-size: 9.5pt; line-height: 150%;\">Ya __________abrir los ojos, _________un gran regalo.(t\u00fa- poder) (ser)<\/span><\/div>\n<div style=\"line-height: 150%; margin-bottom: .0001pt; margin: 0cm; text-align: justify;\"><span style=\"color: #1f4e79; font-family: 'verdana' , 'sans-serif'; font-size: 9.5pt; line-height: 150%;\">3<\/span><span style=\"font-family: 'verdana' , sans-serif; font-size: 9.5pt; line-height: 150%;\">) ___________mucho fr\u00edo hoy, por eso __________guantes.(hacer) (\u00e9l-llevar)<\/span><\/div>\n<div style=\"line-height: 150%; margin-bottom: .0001pt; margin: 0cm; text-align: justify;\"><span style=\"color: #1f4e79; font-family: 'verdana' , 'sans-serif'; font-size: 9.5pt; line-height: 150%;\">4) <\/span><span style=\"font-family: 'verdana' , sans-serif; font-size: 9.5pt; line-height: 150%;\">\u00bfTe ___________bien? ________________muy mala cara. (sentir\/tener)<\/span><\/div>\n<div style=\"line-height: 150%; margin-bottom: .0001pt; margin: 0cm; text-align: justify;\"><span style=\"color: #1f4e79; font-family: 'verdana' , 'sans-serif'; font-size: 9.5pt; line-height: 150%;\">5) <\/span><span style=\"font-family: 'verdana' , sans-serif; font-size: 9.5pt; line-height: 150%;\">Se\u00f1or, le ____________el pedido en un rato. \u00bf__________beber algo?(yo-traer) (usted- querer)<\/span><\/div>\n<div style=\"line-height: 150%; margin-bottom: .0001pt; margin: 0cm; text-align: justify;\"><span style=\"color: #1f4e79; font-family: 'verdana' , 'sans-serif'; font-size: 9.5pt; line-height: 150%;\">6<\/span><span style=\"font-family: 'verdana' , sans-serif; font-size: 9.5pt; line-height: 150%;\">) No ________comer dulces. ___________diabetes. (yo-poder\/tener)<\/span><\/div>\n<div style=\"line-height: 150%; margin-bottom: .0001pt; margin: 0cm; text-align: justify;\"><span style=\"color: #1f4e79; font-family: 'verdana' , 'sans-serif'; font-size: 9.5pt; line-height: 150%;\">7)<\/span><span style=\"font-family: 'verdana' , sans-serif; font-size: 9.5pt; line-height: 150%;\"> No _______ que ____________. Es que ________una cena.(yo-saber\/ponerse) (haber)<\/span><\/div>\n<div style=\"line-height: 150%; margin-bottom: .0001pt; margin: 0cm; text-align: justify;\"><span style=\"color: #1f4e79; font-family: 'verdana' , 'sans-serif'; font-size: 9.5pt; line-height: 150%;\"><img data-recalc-dims=\"1\" src=\"https:\/\/i0.wp.com\/www.espanolsi.com\/wp-includes\/images\/smilies\/icon_cool.gif?w=640&#038;ssl=1\" alt=\"8)\" class=\"wp-smiley\" style=\"height: 1em; max-height: 1em;\" \/>\u00a0<\/span><span style=\"font-family: 'verdana' , sans-serif; font-size: 9.5pt; line-height: 150%;\">No__________ning\u00fan deporte, pero __________, ___________ y ____________cosas sanas. (ellos-hacer\/desayunar, almorzar, cenar)<\/span><\/div>\n<div style=\"line-height: 150%; margin-bottom: .0001pt; margin: 0cm; text-align: justify;\"><span style=\"color: #1f4e79; font-family: 'verdana' , 'sans-serif'; font-size: 9.5pt; line-height: 150%;\">9)<\/span><span style=\"font-family: 'verdana' , sans-serif; font-size: 9.5pt; line-height: 150%;\"> \u00bf___________a mi piso? No lo _____________todav\u00eda.(vosotros-venir\/conocer)<\/span><span style=\"color: #1f4e79; font-family: 'verdana' , 'sans-serif'; font-size: 9.5pt; line-height: 150%;\"><br \/>\n10)<\/span><span style=\"color: black; font-family: 'verdana' , 'sans-serif'; font-size: 9.5pt; line-height: 150%;\"> ____________ tiempo suficiente. Vosotros __________a limpiar esto.(tener\/ir)<\/span><\/div>\n<div style=\"text-align: justify;\"><span style=\"font-family: 'arial' , 'helvetica' , sans-serif; font-size: x-small;\">\u00a0<\/span><\/div>\n<div style=\"text-align: justify;\"><span style=\"font-family: 'arial' , 'helvetica' , sans-serif; font-size: x-small;\"><br \/>\n<\/span><span style=\"font-family: 'arial' , 'helvetica' , sans-serif; font-size: x-small;\"><br \/>\n<\/span><span style=\"font-family: 'arial' , 'helvetica' , sans-serif; font-size: x-small;\"><br \/>\n<\/span><\/div>\n<div style=\"text-align: justify;\"><span style=\"font-family: 'arial' , 'helvetica' , sans-serif; font-size: x-small;\">\u00a0<\/span><\/div>\n<div style=\"text-align: justify;\"><span style=\"font-family: 'arial' , 'helvetica' , sans-serif; font-size: x-small;\"><b>CLAVE<\/b>:<\/span><br \/>\n<span style=\"font-family: 'arial' , 'helvetica' , sans-serif; font-size: x-small;\"><br \/>\n<\/span><span style=\"font-family: 'arial' , 'helvetica' , sans-serif; font-size: x-small;\">1- Estoy, voy \u00a0 \u00a0 \u00a0 \u00a0 \u00a0 \u00a0 \u00a0 \u00a0<\/span><br \/>\n<span style=\"font-family: 'arial' , 'helvetica' , sans-serif; font-size: x-small;\">2 &#8211; Puedes, es. \u00a0 \u00a0 \u00a0 \u00a0 \u00a0 \u00a0 \u00a0 \u00a0 \u00a0<\/span><br \/>\n<span style=\"font-family: 'arial' , 'helvetica' , sans-serif; font-size: x-small;\">3 &#8211; Hace, lleva. \u00a0 \u00a0 \u00a0 \u00a0 \u00a0 \u00a0 \u00a0 \u00a0 \u00a0 \u00a0 <\/span><br \/>\n<span style=\"font-family: 'arial' , 'helvetica' , sans-serif; font-size: x-small;\">4 &#8211; Sientes, tienes.<\/span><\/div>\n<div style=\"text-align: justify;\"><span style=\"font-family: 'arial' , 'helvetica' , sans-serif; font-size: x-small;\">5- Traigo, quiere \u00a0 \u00a0 \u00a0<\/span><br \/>\n<span style=\"font-family: 'arial' , 'helvetica' , sans-serif; font-size: x-small;\">6 &#8211; Puedo, tengo. \u00a0 \u00a0 \u00a0 <\/span><br \/>\n<span style=\"font-family: 'arial' , 'helvetica' , sans-serif; font-size: x-small;\">7 &#8211; S\u00e9, me pongo, hay. \u00a0 \u00a0<\/span><br \/>\n<span style=\"font-family: 'arial' , 'helvetica' , sans-serif; font-size: x-small;\">8 &#8211; Hacen, desayunan, almuerzan, cenan. \u00a0 \u00a0 \u00a0 \u00a0 <\/span><br \/>\n<span style=\"font-family: 'arial' , 'helvetica' , sans-serif; font-size: x-small;\">9 &#8211; Ven\u00eds, conoc\u00e9is. \u00a0 \u00a0 \u00a0 \u00a0 <\/span><br \/>\n<span style=\"font-family: 'arial' , 'helvetica' , sans-serif; font-size: x-small;\">10 &#8211; Ten\u00e9is, vais.<\/span><\/div>\n","protected":false},"excerpt":{"rendered":"<p>\u00d8\u00a0 El presente sirve para expresar acciones cotidianas, para hablar de la rutina, nos se\u00f1ala algo que estamos haciendo en este momento: Todos los d\u00edas me despierto a las ocho. Me ejercito todas las ma\u00f1anas. Me ducho antes de desayunar. Los verbos en espa\u00f1ol est\u00e1n clasificados en regulares e irregulares, por eso para aprenderlos es [&hellip;]<\/p>\n","protected":false},"author":1,"featured_media":113,"comment_status":"open","ping_status":"closed","sticky":false,"template":"","format":"standard","meta":{"_monsterinsights_skip_tracking":false,"_monsterinsights_sitenote_active":false,"_monsterinsights_sitenote_note":"","_monsterinsights_sitenote_category":0,"jetpack_post_was_ever_published":false,"_jetpack_newsletter_access":"","_jetpack_dont_email_post_to_subs":false,"_jetpack_newsletter_tier_id":0,"_jetpack_memberships_contains_paywalled_content":false,"_jetpack_memberships_contains_paid_content":false,"footnotes":"","jetpack_publicize_message":"","jetpack_publicize_feature_enabled":true,"jetpack_social_post_already_shared":false,"jetpack_social_options":{"image_generator_settings":{"template":"highway","enabled":false},"version":2}},"categories":[248,246],"tags":[42,35,39,40,37,41,36,38],"class_list":["post-33","post","type-post","status-publish","format-standard","has-post-thumbnail","hentry","category-ejercicios","category-gramatica","tag-cotidiano","tag-ejercicios","tag-hoy","tag-momento","tag-presente","tag-presente-de-indicativo","tag-rutina","tag-todos-los-dias"],"jetpack_publicize_connections":[],"jetpack_featured_media_url":"https:\/\/i0.wp.com\/www.espanolsi.com\/wp-content\/uploads\/2017\/05\/rel-25C3-25B3gio.png?fit=312%2C166&ssl=1","jetpack_sharing_enabled":true,"jetpack_shortlink":"https:\/\/wp.me\/p9pq5s-x","jetpack_likes_enabled":true,"jetpack-related-posts":[],"_links":{"self":[{"href":"https:\/\/www.espanolsi.com\/en\/wp-json\/wp\/v2\/posts\/33","targetHints":{"allow":["GET"]}}],"collection":[{"href":"https:\/\/www.espanolsi.com\/en\/wp-json\/wp\/v2\/posts"}],"about":[{"href":"https:\/\/www.espanolsi.com\/en\/wp-json\/wp\/v2\/types\/post"}],"author":[{"embeddable":true,"href":"https:\/\/www.espanolsi.com\/en\/wp-json\/wp\/v2\/users\/1"}],"replies":[{"embeddable":true,"href":"https:\/\/www.espanolsi.com\/en\/wp-json\/wp\/v2\/comments?post=33"}],"version-history":[{"count":0,"href":"https:\/\/www.espanolsi.com\/en\/wp-json\/wp\/v2\/posts\/33\/revisions"}],"wp:featuredmedia":[{"embeddable":true,"href":"https:\/\/www.espanolsi.com\/en\/wp-json\/wp\/v2\/media\/113"}],"wp:attachment":[{"href":"https:\/\/www.espanolsi.com\/en\/wp-json\/wp\/v2\/media?parent=33"}],"wp:term":[{"taxonomy":"category","embeddable":true,"href":"https:\/\/www.espanolsi.com\/en\/wp-json\/wp\/v2\/categories?post=33"},{"taxonomy":"post_tag","embeddable":true,"href":"https:\/\/www.espanolsi.com\/en\/wp-json\/wp\/v2\/tags?post=33"}],"curies":[{"name":"wp","href":"https:\/\/api.w.org\/{rel}","templated":true}]}}