{"id":37,"date":"2017-01-01T12:51:00","date_gmt":"2017-01-01T14:51:00","guid":{"rendered":""},"modified":"2017-12-05T17:44:56","modified_gmt":"2017-12-05T19:44:56","slug":"canon-de-furnas-capitolio","status":"publish","type":"post","link":"https:\/\/www.espanolsi.com\/en\/canon-de-furnas-capitolio\/","title":{"rendered":"Conocer a Capit\u00f3lio"},"content":{"rendered":"<div style=\"-webkit-padding-start: 0px;\">\n<div style=\"font-family: HelveticaNeue, 'Helvetica Neue', Helvetica, Arial, 'Lucida Grande', sans-serif; line-height: normal; margin-bottom: 0.0001pt;\">\n<p><span style=\"font-family: arial, helvetica, sans-serif; font-size: 14pt;\">\u00a1Hola, chicos! \u00bfConocen el Ca\u00f1\u00f3n de Furnas, en Minas Gerais, Brasil?<br \/>\n<\/span><\/p>\n<p><span style=\"font-family: arial, helvetica, sans-serif;\"><!-- [if !supportLineBreakNewLine]--><span style=\"font-size: 14pt;\">Para practicar la comprensi\u00f3n auditiva y conocer un poquito m\u00e1s del mundo.<\/span><\/span><\/p>\n<\/div>\n<div style=\"font-family: HelveticaNeue, 'Helvetica Neue', Helvetica, Arial, 'Lucida Grande', sans-serif; line-height: normal; margin-bottom: 0.0001pt;\"><span style=\"font-family: arial, helvetica, sans-serif; font-size: 14pt;\">empezamos una serie de v\u00eddeos por Minas Gerais\u00a0y nuestra primera parada fue en Capit\u00f3lio y en este primer v\u00eddeo visitamos el mirador del Ca\u00f1\u00f3n del Lago de Furnas, uno de los mayores lagos artificiales del mundo y que tiene este\u00a0magn\u00edfico\u00a0Ca\u00f1\u00f3n que mostramos en el v\u00eddeo.<\/span><\/div>\n<div style=\"font-family: HelveticaNeue, 'Helvetica Neue', Helvetica, Arial, 'Lucida Grande', sans-serif; line-height: normal; margin-bottom: 0.0001pt;\"><span style=\"font-size: 14pt; font-family: arial, helvetica, sans-serif;\">\u00a0<\/span><\/div>\n<div style=\"font-family: HelveticaNeue, 'Helvetica Neue', Helvetica, Arial, 'Lucida Grande', sans-serif; line-height: normal; margin-bottom: 0.0001pt;\">\n<p><span style=\"font-family: arial, helvetica, sans-serif; font-size: 14pt;\">All\u00e1 tambi\u00e9n nos encontramos con el equipo de la empresa Vertec que realiza el Salto en P\u00e9ndulo\/Rope Swing.<\/span><\/p>\n<p><span style=\"font-size: 14pt; font-family: arial, helvetica, sans-serif;\">Vale la pena verlo.<\/span><\/p>\n<\/div>\n<div style=\"font-family: HelveticaNeue, 'Helvetica Neue', Helvetica, Arial, 'Lucida Grande', sans-serif;\"><span style=\"font-size: 14pt;\">\u00a0<\/span><\/div>\n<\/div>\n<p><iframe loading=\"lazy\" src=\"https:\/\/www.youtube.com\/embed\/5sDekzc0NkE\" width=\"560\" height=\"315\" frameborder=\"0\" allowfullscreen=\"allowfullscreen\"><\/iframe><\/p>\n","protected":false},"excerpt":{"rendered":"<p>\u00a1Hola, chicos! \u00bfConocen el Ca\u00f1\u00f3n de Furnas, en Minas Gerais, Brasil? Para practicar la comprensi\u00f3n auditiva y conocer un poquito m\u00e1s del mundo. empezamos una serie de v\u00eddeos por Minas Gerais\u00a0y nuestra primera parada fue en Capit\u00f3lio y en este primer v\u00eddeo visitamos el mirador del Ca\u00f1\u00f3n del Lago de Furnas, uno de los mayores [&hellip;]<\/p>\n","protected":false},"author":1,"featured_media":467,"comment_status":"open","ping_status":"closed","sticky":false,"template":"","format":"standard","meta":{"_monsterinsights_skip_tracking":false,"_monsterinsights_sitenote_active":false,"_monsterinsights_sitenote_note":"","_monsterinsights_sitenote_category":0,"jetpack_post_was_ever_published":false,"_jetpack_newsletter_access":"","_jetpack_dont_email_post_to_subs":false,"_jetpack_newsletter_tier_id":0,"_jetpack_memberships_contains_paywalled_content":false,"_jetpack_memberships_contains_paid_content":false,"footnotes":"","jetpack_publicize_message":"","jetpack_publicize_feature_enabled":true,"jetpack_social_post_already_shared":false,"jetpack_social_options":{"image_generator_settings":{"template":"highway","enabled":false},"version":2}},"categories":[277,357],"tags":[331,360,358,359,363,364,361,362,181],"class_list":["post-37","post","type-post","status-publish","format-standard","has-post-thumbnail","hentry","category-mis-viajes","category-videos","tag-brasil","tag-brazil","tag-canon-de-furnas","tag-minas-gerais","tag-travel","tag-travel-brazil","tag-trip","tag-trip-brazil","tag-viaje"],"jetpack_publicize_connections":[],"jetpack_featured_media_url":"https:\/\/i0.wp.com\/www.espanolsi.com\/wp-content\/uploads\/2017\/01\/Miniatura.jpg?fit=1920%2C1080&ssl=1","jetpack_sharing_enabled":true,"jetpack_shortlink":"https:\/\/wp.me\/p9pq5s-B","jetpack_likes_enabled":true,"jetpack-related-posts":[],"_links":{"self":[{"href":"https:\/\/www.espanolsi.com\/en\/wp-json\/wp\/v2\/posts\/37","targetHints":{"allow":["GET"]}}],"collection":[{"href":"https:\/\/www.espanolsi.com\/en\/wp-json\/wp\/v2\/posts"}],"about":[{"href":"https:\/\/www.espanolsi.com\/en\/wp-json\/wp\/v2\/types\/post"}],"author":[{"embeddable":true,"href":"https:\/\/www.espanolsi.com\/en\/wp-json\/wp\/v2\/users\/1"}],"replies":[{"embeddable":true,"href":"https:\/\/www.espanolsi.com\/en\/wp-json\/wp\/v2\/comments?post=37"}],"version-history":[{"count":0,"href":"https:\/\/www.espanolsi.com\/en\/wp-json\/wp\/v2\/posts\/37\/revisions"}],"wp:featuredmedia":[{"embeddable":true,"href":"https:\/\/www.espanolsi.com\/en\/wp-json\/wp\/v2\/media\/467"}],"wp:attachment":[{"href":"https:\/\/www.espanolsi.com\/en\/wp-json\/wp\/v2\/media?parent=37"}],"wp:term":[{"taxonomy":"category","embeddable":true,"href":"https:\/\/www.espanolsi.com\/en\/wp-json\/wp\/v2\/categories?post=37"},{"taxonomy":"post_tag","embeddable":true,"href":"https:\/\/www.espanolsi.com\/en\/wp-json\/wp\/v2\/tags?post=37"}],"curies":[{"name":"wp","href":"https:\/\/api.w.org\/{rel}","templated":true}]}}