{"id":746,"date":"2018-12-22T18:39:59","date_gmt":"2018-12-22T20:39:59","guid":{"rendered":"https:\/\/www.espanolsi.com\/?p=746"},"modified":"2018-12-22T18:37:38","modified_gmt":"2018-12-22T20:37:38","slug":"ano-nuevo","status":"publish","type":"post","link":"https:\/\/www.espanolsi.com\/en\/ano-nuevo\/","title":{"rendered":"El A\u00f1o Nuevo espa\u00f1ol &#8211; 7 cosas para tu cena"},"content":{"rendered":"<div class=\"compact_audio_player_wrapper\"><div class=\"sc_player_container1\"><input type=\"button\" id=\"btnplay_69f1ffcfbcb640.48232082\" class=\"myButton_play\" onClick=\"play_mp3('play','69f1ffcfbcb640.48232082','https:\/\/www.espanolsi.com\/wp-content\/uploads\/2017\/12\/las-doce-uvas-site.mp3','80','false');show_hide('play','69f1ffcfbcb640.48232082');\" \/><input type=\"button\"  id=\"btnstop_69f1ffcfbcb640.48232082\" style=\"display:none\" class=\"myButton_stop\" onClick=\"play_mp3('stop','69f1ffcfbcb640.48232082','','80','false');show_hide('stop','69f1ffcfbcb640.48232082');\" \/><div id=\"sm2-container\"><!-- flash movie ends up here --><\/div><\/div><\/div> escucha el texto<\/p>\n<p><span style=\"font-family: helvetica, arial, sans-serif; font-size: 14pt;\">Diciembre es un mes para celebrar, tenemos la Navidad y el A\u00f1o Nuevo. Ya hablamos de <a href=\"https:\/\/www.espanolsi.com\/la-navidad\/\">la Navidad<\/a> ac\u00e1. Hoy vamos a conocer un poco sobre la Nochevieja en Espa\u00f1a, mejor dicho, el A\u00f1o Nuevo Espa\u00f1ol.<\/span><br \/>\n<span style=\"font-family: helvetica, arial, sans-serif; font-size: 14pt;\"> El 31 de diciembre, la Nochevieja, las personas se re\u00fanen para cenar y, como siempre,\u00a0la mayor\u00eda de personas nos engordamos un poco ya que hay mucha comida en estas \u00e9pocas. jejeje<\/span><br \/>\n<span style=\"font-family: helvetica, arial, sans-serif; font-size: 14pt;\"> En esta fecha se suelen servir grandes banquetes, compuestos muchas veces de platos tradicionales y vamos a ver algunas cosas que los espa\u00f1oles suelen comer y en cada plato hay una recomendaci\u00f3n de v\u00eddeo para practicar el espa\u00f1ol y adem\u00e1s saber preparar estos exquisitos manjares: <\/span><\/p>\n<ul style=\"list-style-type: circle;\">\n<li><span style=\"font-family: helvetica, arial, sans-serif; font-size: 14pt;\">El cochinillo &#8211; que es un lech\u00f3n asado, generalmente al horno. <a href=\"https:\/\/www.youtube.com\/watch?v=zN-jyPGCYyo\" data-rel=\"lightbox-video-0\">Ac\u00e1<\/a> podr\u00e1s ver c\u00f3mo se lo prepara:<\/span><\/li>\n<\/ul>\n<p><span style=\"font-family: helvetica, arial, sans-serif; font-size: 14pt;\"><a href=\"https:\/\/i0.wp.com\/www.espanolsi.com\/wp-content\/uploads\/2017\/12\/Cochinillo-1.jpg?ssl=1\" data-rel=\"lightbox-image-0\" data-rl_title=\"\" data-rl_caption=\"\" title=\"\"><img data-recalc-dims=\"1\" loading=\"lazy\" decoding=\"async\" data-attachment-id=\"753\" data-permalink=\"https:\/\/www.espanolsi.com\/en\/ano-nuevo\/cochinillo-1\/\" data-orig-file=\"https:\/\/i0.wp.com\/www.espanolsi.com\/wp-content\/uploads\/2017\/12\/Cochinillo-1.jpg?fit=3888%2C2592&amp;ssl=1\" data-orig-size=\"3888,2592\" data-comments-opened=\"1\" data-image-meta=\"{&quot;aperture&quot;:&quot;5.6&quot;,&quot;credit&quot;:&quot;&quot;,&quot;camera&quot;:&quot;Canon EOS 400D DIGITAL&quot;,&quot;caption&quot;:&quot;&quot;,&quot;created_timestamp&quot;:&quot;1254067471&quot;,&quot;copyright&quot;:&quot;&quot;,&quot;focal_length&quot;:&quot;24&quot;,&quot;iso&quot;:&quot;400&quot;,&quot;shutter_speed&quot;:&quot;0.005&quot;,&quot;title&quot;:&quot;&quot;,&quot;orientation&quot;:&quot;1&quot;}\" data-image-title=\"Cochinillo\" data-image-description=\"&lt;p&gt;Cochinillo &lt;\/p&gt;\n\" data-image-caption=\"\" data-medium-file=\"https:\/\/i0.wp.com\/www.espanolsi.com\/wp-content\/uploads\/2017\/12\/Cochinillo-1.jpg?fit=300%2C200&amp;ssl=1\" data-large-file=\"https:\/\/i0.wp.com\/www.espanolsi.com\/wp-content\/uploads\/2017\/12\/Cochinillo-1.jpg?fit=640%2C427&amp;ssl=1\" class=\"aligncenter wp-image-753 size-medium\" src=\"https:\/\/i0.wp.com\/www.espanolsi.com\/wp-content\/uploads\/2017\/12\/Cochinillo-1.jpg?resize=300%2C200&#038;ssl=1\" alt=\"Cochinillo \" width=\"300\" height=\"200\" srcset=\"https:\/\/i0.wp.com\/www.espanolsi.com\/wp-content\/uploads\/2017\/12\/Cochinillo-1.jpg?resize=300%2C200&amp;ssl=1 300w, https:\/\/i0.wp.com\/www.espanolsi.com\/wp-content\/uploads\/2017\/12\/Cochinillo-1.jpg?resize=768%2C512&amp;ssl=1 768w, https:\/\/i0.wp.com\/www.espanolsi.com\/wp-content\/uploads\/2017\/12\/Cochinillo-1.jpg?resize=1024%2C683&amp;ssl=1 1024w, https:\/\/i0.wp.com\/www.espanolsi.com\/wp-content\/uploads\/2017\/12\/Cochinillo-1.jpg?resize=576%2C384&amp;ssl=1 576w, https:\/\/i0.wp.com\/www.espanolsi.com\/wp-content\/uploads\/2017\/12\/Cochinillo-1.jpg?resize=465%2C310&amp;ssl=1 465w, https:\/\/i0.wp.com\/www.espanolsi.com\/wp-content\/uploads\/2017\/12\/Cochinillo-1.jpg?w=1280&amp;ssl=1 1280w, https:\/\/i0.wp.com\/www.espanolsi.com\/wp-content\/uploads\/2017\/12\/Cochinillo-1.jpg?w=1920&amp;ssl=1 1920w\" sizes=\"auto, (max-width: 300px) 100vw, 300px\" \/><\/a><\/span><\/p>\n<p><span style=\"font-family: helvetica, arial, sans-serif;\"><span style=\"font-size: 14pt;\">El turr\u00f3n &#8211; es un dulce y est\u00e1 hecho a base de almedras, az\u00facar y miel. Generalmente tiene una forma rectangular. <\/span><a href=\"https:\/\/www.youtube.com\/watch?v=OZUUzsuuQuE\" data-rel=\"lightbox-video-1\"><span style=\"font-size: 14pt;\">Ac\u00e1<\/span><\/a><span style=\"font-size: 14pt;\"> podr\u00e1s ver c\u00f3mo se hace un turr\u00f3n<\/span><span style=\"font-size: 14pt;\">.<\/span><\/span><\/p>\n<p><span style=\"font-family: helvetica, arial, sans-serif;\"><a href=\"https:\/\/i0.wp.com\/www.espanolsi.com\/wp-content\/uploads\/2017\/12\/tuur%C3%B3n-4.jpg?ssl=1\" data-rel=\"lightbox-image-1\" data-rl_title=\"\" data-rl_caption=\"\" title=\"\"><img data-recalc-dims=\"1\" loading=\"lazy\" decoding=\"async\" data-attachment-id=\"755\" data-permalink=\"https:\/\/www.espanolsi.com\/en\/ano-nuevo\/tuuron-4\/\" data-orig-file=\"https:\/\/i0.wp.com\/www.espanolsi.com\/wp-content\/uploads\/2017\/12\/tuur%C3%B3n-4.jpg?fit=1024%2C683&amp;ssl=1\" data-orig-size=\"1024,683\" data-comments-opened=\"1\" data-image-meta=\"{&quot;aperture&quot;:&quot;0&quot;,&quot;credit&quot;:&quot;&quot;,&quot;camera&quot;:&quot;&quot;,&quot;caption&quot;:&quot;&quot;,&quot;created_timestamp&quot;:&quot;0&quot;,&quot;copyright&quot;:&quot;&quot;,&quot;focal_length&quot;:&quot;0&quot;,&quot;iso&quot;:&quot;0&quot;,&quot;shutter_speed&quot;:&quot;0&quot;,&quot;title&quot;:&quot;&quot;,&quot;orientation&quot;:&quot;0&quot;}\" data-image-title=\"turr\u00f3n\" data-image-description=\"&lt;p&gt;turr\u00f3n &lt;\/p&gt;\n\" data-image-caption=\"\" data-medium-file=\"https:\/\/i0.wp.com\/www.espanolsi.com\/wp-content\/uploads\/2017\/12\/tuur%C3%B3n-4.jpg?fit=300%2C200&amp;ssl=1\" data-large-file=\"https:\/\/i0.wp.com\/www.espanolsi.com\/wp-content\/uploads\/2017\/12\/tuur%C3%B3n-4.jpg?fit=640%2C427&amp;ssl=1\" class=\"aligncenter wp-image-755 size-medium\" src=\"https:\/\/i0.wp.com\/www.espanolsi.com\/wp-content\/uploads\/2017\/12\/tuur%C3%B3n-4.jpg?resize=300%2C200&#038;ssl=1\" alt=\"turr\u00f3n \" width=\"300\" height=\"200\" srcset=\"https:\/\/i0.wp.com\/www.espanolsi.com\/wp-content\/uploads\/2017\/12\/tuur%C3%B3n-4.jpg?resize=300%2C200&amp;ssl=1 300w, https:\/\/i0.wp.com\/www.espanolsi.com\/wp-content\/uploads\/2017\/12\/tuur%C3%B3n-4.jpg?resize=768%2C512&amp;ssl=1 768w, https:\/\/i0.wp.com\/www.espanolsi.com\/wp-content\/uploads\/2017\/12\/tuur%C3%B3n-4.jpg?w=1024&amp;ssl=1 1024w, https:\/\/i0.wp.com\/www.espanolsi.com\/wp-content\/uploads\/2017\/12\/tuur%C3%B3n-4.jpg?resize=576%2C384&amp;ssl=1 576w, https:\/\/i0.wp.com\/www.espanolsi.com\/wp-content\/uploads\/2017\/12\/tuur%C3%B3n-4.jpg?resize=465%2C310&amp;ssl=1 465w\" sizes=\"auto, (max-width: 300px) 100vw, 300px\" \/><\/a><\/span><\/p>\n<p><span style=\"font-family: helvetica, arial, sans-serif; font-size: 14pt;\">El mazap\u00e1n: es un dulce cuyos ingredientes principales son almendras molidas, az\u00facar y huevo. Se puede hacerlo en varias formas y tama\u00f1os: redondo, cuadrado, una trenza, etc. <a href=\"https:\/\/www.youtube.com\/watch?v=5hWnosPXNNM\" data-rel=\"lightbox-video-2\">Ac\u00e1<\/a> podr\u00e1s ver c\u00f3mo se hace el mazap\u00e1n:<\/span><\/p>\n<p><span style=\"font-family: helvetica, arial, sans-serif;\"><span style=\"font-size: 14pt;\"><br \/>\n<img data-recalc-dims=\"1\" loading=\"lazy\" decoding=\"async\" data-attachment-id=\"757\" data-permalink=\"https:\/\/www.espanolsi.com\/en\/ano-nuevo\/mazapan-1\/\" data-orig-file=\"https:\/\/i0.wp.com\/www.espanolsi.com\/wp-content\/uploads\/2017\/12\/Mazap%C3%A1n-1.jpg?fit=3888%2C2592&amp;ssl=1\" data-orig-size=\"3888,2592\" data-comments-opened=\"1\" data-image-meta=\"{&quot;aperture&quot;:&quot;8&quot;,&quot;credit&quot;:&quot;&quot;,&quot;camera&quot;:&quot;Canon EOS 400D DIGITAL&quot;,&quot;caption&quot;:&quot;&quot;,&quot;created_timestamp&quot;:&quot;1250336983&quot;,&quot;copyright&quot;:&quot;&quot;,&quot;focal_length&quot;:&quot;130&quot;,&quot;iso&quot;:&quot;400&quot;,&quot;shutter_speed&quot;:&quot;0.01&quot;,&quot;title&quot;:&quot;&quot;,&quot;orientation&quot;:&quot;1&quot;}\" data-image-title=\"Mazap\u00e1n\" data-image-description=\"&lt;p&gt;Mazap\u00e1n&lt;\/p&gt;\n\" data-image-caption=\"\" data-medium-file=\"https:\/\/i0.wp.com\/www.espanolsi.com\/wp-content\/uploads\/2017\/12\/Mazap%C3%A1n-1.jpg?fit=300%2C200&amp;ssl=1\" data-large-file=\"https:\/\/i0.wp.com\/www.espanolsi.com\/wp-content\/uploads\/2017\/12\/Mazap%C3%A1n-1.jpg?fit=640%2C427&amp;ssl=1\" class=\"size-medium wp-image-757 aligncenter\" src=\"https:\/\/i0.wp.com\/www.espanolsi.com\/wp-content\/uploads\/2017\/12\/Mazap%C3%A1n-1.jpg?resize=300%2C200&#038;ssl=1\" alt=\"Mazap\u00e1n\" width=\"300\" height=\"200\" srcset=\"https:\/\/i0.wp.com\/www.espanolsi.com\/wp-content\/uploads\/2017\/12\/Mazap%C3%A1n-1.jpg?resize=300%2C200&amp;ssl=1 300w, https:\/\/i0.wp.com\/www.espanolsi.com\/wp-content\/uploads\/2017\/12\/Mazap%C3%A1n-1.jpg?resize=768%2C512&amp;ssl=1 768w, https:\/\/i0.wp.com\/www.espanolsi.com\/wp-content\/uploads\/2017\/12\/Mazap%C3%A1n-1.jpg?resize=1024%2C683&amp;ssl=1 1024w, https:\/\/i0.wp.com\/www.espanolsi.com\/wp-content\/uploads\/2017\/12\/Mazap%C3%A1n-1.jpg?resize=576%2C384&amp;ssl=1 576w, https:\/\/i0.wp.com\/www.espanolsi.com\/wp-content\/uploads\/2017\/12\/Mazap%C3%A1n-1.jpg?resize=465%2C310&amp;ssl=1 465w, https:\/\/i0.wp.com\/www.espanolsi.com\/wp-content\/uploads\/2017\/12\/Mazap%C3%A1n-1.jpg?w=1280&amp;ssl=1 1280w, https:\/\/i0.wp.com\/www.espanolsi.com\/wp-content\/uploads\/2017\/12\/Mazap%C3%A1n-1.jpg?w=1920&amp;ssl=1 1920w\" sizes=\"auto, (max-width: 300px) 100vw, 300px\" \/><\/span><span style=\"font-size: 14pt;\">\u00a0<\/span><\/span><\/p>\n<ul style=\"list-style-type: circle;\">\n<li><span style=\"font-size: 14pt; font-family: helvetica, arial, sans-serif;\">Los polvorones: peque\u00f1a torta que est\u00e1 hecha de harina, manteca y az\u00facar, cocida en horno fuerte y que se deshace en polvo al comerla, por esto el nombre polvorones. En <a href=\"https:\/\/www.youtube.com\/watch?v=DYEJtwoZzpY\" data-rel=\"lightbox-video-3\">este enlace<\/a> sabr\u00e1s c\u00f3mo prepararlos:<\/span><\/li>\n<\/ul>\n<p><span style=\"font-family: helvetica, arial, sans-serif;\"><a href=\"https:\/\/i0.wp.com\/www.espanolsi.com\/wp-content\/uploads\/2017\/12\/Polvor%C3%B3n-3.jpg?ssl=1\" data-rel=\"lightbox-image-2\" data-rl_title=\"\" data-rl_caption=\"\" title=\"\"><img data-recalc-dims=\"1\" loading=\"lazy\" decoding=\"async\" data-attachment-id=\"763\" data-permalink=\"https:\/\/www.espanolsi.com\/en\/ano-nuevo\/polvoron-3\/\" data-orig-file=\"https:\/\/i0.wp.com\/www.espanolsi.com\/wp-content\/uploads\/2017\/12\/Polvor%C3%B3n-3.jpg?fit=3648%2C2736&amp;ssl=1\" data-orig-size=\"3648,2736\" data-comments-opened=\"1\" data-image-meta=\"{&quot;aperture&quot;:&quot;2.8&quot;,&quot;credit&quot;:&quot;&quot;,&quot;camera&quot;:&quot;Canon PowerShot G7&quot;,&quot;caption&quot;:&quot;&quot;,&quot;created_timestamp&quot;:&quot;1293389250&quot;,&quot;copyright&quot;:&quot;&quot;,&quot;focal_length&quot;:&quot;7.4&quot;,&quot;iso&quot;:&quot;0&quot;,&quot;shutter_speed&quot;:&quot;0.076923076923077&quot;,&quot;title&quot;:&quot;&quot;,&quot;orientation&quot;:&quot;1&quot;}\" data-image-title=\"Polvorones\" data-image-description=\"&lt;p&gt;Polvorones&lt;\/p&gt;\n\" data-image-caption=\"\" data-medium-file=\"https:\/\/i0.wp.com\/www.espanolsi.com\/wp-content\/uploads\/2017\/12\/Polvor%C3%B3n-3.jpg?fit=300%2C225&amp;ssl=1\" data-large-file=\"https:\/\/i0.wp.com\/www.espanolsi.com\/wp-content\/uploads\/2017\/12\/Polvor%C3%B3n-3.jpg?fit=640%2C480&amp;ssl=1\" class=\"aligncenter wp-image-763 size-medium\" src=\"https:\/\/i0.wp.com\/www.espanolsi.com\/wp-content\/uploads\/2017\/12\/Polvor%C3%B3n-3.jpg?resize=300%2C225&#038;ssl=1\" alt=\"Polvorones\" width=\"300\" height=\"225\" srcset=\"https:\/\/i0.wp.com\/www.espanolsi.com\/wp-content\/uploads\/2017\/12\/Polvor%C3%B3n-3.jpg?resize=300%2C225&amp;ssl=1 300w, https:\/\/i0.wp.com\/www.espanolsi.com\/wp-content\/uploads\/2017\/12\/Polvor%C3%B3n-3.jpg?resize=768%2C576&amp;ssl=1 768w, https:\/\/i0.wp.com\/www.espanolsi.com\/wp-content\/uploads\/2017\/12\/Polvor%C3%B3n-3.jpg?resize=1024%2C768&amp;ssl=1 1024w, https:\/\/i0.wp.com\/www.espanolsi.com\/wp-content\/uploads\/2017\/12\/Polvor%C3%B3n-3.jpg?w=1280&amp;ssl=1 1280w, https:\/\/i0.wp.com\/www.espanolsi.com\/wp-content\/uploads\/2017\/12\/Polvor%C3%B3n-3.jpg?w=1920&amp;ssl=1 1920w\" sizes=\"auto, (max-width: 300px) 100vw, 300px\" \/><\/a><\/span><\/p>\n<ul style=\"list-style-type: circle;\">\n<li><span style=\"font-size: 14pt; font-family: helvetica, arial, sans-serif;\">El pavo relleno es una de las recetas m\u00e1s tradicionales que se sirven en Navidad y en las fiestas de Fin de a\u00f1o en todo el mundo. En <a href=\"https:\/\/www.youtube.com\/watch?v=ysgiTi6Ubtg\" data-rel=\"lightbox-video-4\">este enlace<\/a> sabr\u00e1s c\u00f3mo prepararlo:<br \/>\n<\/span><\/li>\n<\/ul>\n<p><span style=\"font-family: helvetica, arial, sans-serif;\"><a href=\"https:\/\/i0.wp.com\/www.espanolsi.com\/wp-content\/uploads\/2017\/12\/pavo-releno.jpg?ssl=1\" data-rel=\"lightbox-image-3\" data-rl_title=\"\" data-rl_caption=\"\" title=\"\"><img data-recalc-dims=\"1\" loading=\"lazy\" decoding=\"async\" data-attachment-id=\"761\" data-permalink=\"https:\/\/www.espanolsi.com\/en\/ano-nuevo\/pavo-releno\/\" data-orig-file=\"https:\/\/i0.wp.com\/www.espanolsi.com\/wp-content\/uploads\/2017\/12\/pavo-releno.jpg?fit=275%2C183&amp;ssl=1\" data-orig-size=\"275,183\" data-comments-opened=\"1\" data-image-meta=\"{&quot;aperture&quot;:&quot;0&quot;,&quot;credit&quot;:&quot;&quot;,&quot;camera&quot;:&quot;&quot;,&quot;caption&quot;:&quot;&quot;,&quot;created_timestamp&quot;:&quot;0&quot;,&quot;copyright&quot;:&quot;&quot;,&quot;focal_length&quot;:&quot;0&quot;,&quot;iso&quot;:&quot;0&quot;,&quot;shutter_speed&quot;:&quot;0&quot;,&quot;title&quot;:&quot;&quot;,&quot;orientation&quot;:&quot;0&quot;}\" data-image-title=\"pavo relleno\" data-image-description=\"&lt;p&gt;pavo relleno&lt;\/p&gt;\n\" data-image-caption=\"\" data-medium-file=\"https:\/\/i0.wp.com\/www.espanolsi.com\/wp-content\/uploads\/2017\/12\/pavo-releno.jpg?fit=275%2C183&amp;ssl=1\" data-large-file=\"https:\/\/i0.wp.com\/www.espanolsi.com\/wp-content\/uploads\/2017\/12\/pavo-releno.jpg?fit=275%2C183&amp;ssl=1\" class=\"aligncenter wp-image-761 size-full\" src=\"https:\/\/i0.wp.com\/www.espanolsi.com\/wp-content\/uploads\/2017\/12\/pavo-releno.jpg?resize=275%2C183&#038;ssl=1\" alt=\"pavo relleno\" width=\"275\" height=\"183\" \/><\/a><\/span><\/p>\n<ul style=\"list-style-type: circle;\">\n<li><span style=\"font-family: helvetica, arial, sans-serif; font-size: 14pt;\">Y una bebida para hacer un brindis: el cava que es un vino espumoso t\u00edpico de Catalu\u00f1a.<\/span><\/li>\n<\/ul>\n<p><span style=\"font-family: helvetica, arial, sans-serif;\"><img data-recalc-dims=\"1\" loading=\"lazy\" decoding=\"async\" data-attachment-id=\"762\" data-permalink=\"https:\/\/www.espanolsi.com\/en\/ano-nuevo\/cava\/\" data-orig-file=\"https:\/\/i0.wp.com\/www.espanolsi.com\/wp-content\/uploads\/2017\/12\/cava.jpg?fit=276%2C183&amp;ssl=1\" data-orig-size=\"276,183\" data-comments-opened=\"1\" data-image-meta=\"{&quot;aperture&quot;:&quot;0&quot;,&quot;credit&quot;:&quot;&quot;,&quot;camera&quot;:&quot;&quot;,&quot;caption&quot;:&quot;&quot;,&quot;created_timestamp&quot;:&quot;0&quot;,&quot;copyright&quot;:&quot;&quot;,&quot;focal_length&quot;:&quot;0&quot;,&quot;iso&quot;:&quot;0&quot;,&quot;shutter_speed&quot;:&quot;0&quot;,&quot;title&quot;:&quot;&quot;,&quot;orientation&quot;:&quot;0&quot;}\" data-image-title=\"cava\" data-image-description=\"&lt;p&gt;cava&lt;\/p&gt;\n\" data-image-caption=\"\" data-medium-file=\"https:\/\/i0.wp.com\/www.espanolsi.com\/wp-content\/uploads\/2017\/12\/cava.jpg?fit=276%2C183&amp;ssl=1\" data-large-file=\"https:\/\/i0.wp.com\/www.espanolsi.com\/wp-content\/uploads\/2017\/12\/cava.jpg?fit=276%2C183&amp;ssl=1\" class=\"size-full wp-image-762 aligncenter\" src=\"https:\/\/i0.wp.com\/www.espanolsi.com\/wp-content\/uploads\/2017\/12\/cava.jpg?resize=276%2C183&#038;ssl=1\" alt=\"cava\" width=\"276\" height=\"183\" \/><\/span><\/p>\n<p><span style=\"font-family: helvetica, arial, sans-serif; font-size: 14pt;\">\u00a0<\/span><\/p>\n<p><span style=\"font-family: helvetica, arial, sans-serif; font-size: 14pt;\">Estos son algunos de los ingredientes para nuestra Nochevieja. Tambi\u00e9n hay algunas cositas m\u00e1s para traer suerte al nuevo a\u00f1o que se acerca como las lentejas y las uvas. Las uvas son el momento m\u00e1s esperado de la Nochevieja.\u00a0 En este d\u00eda lo habitual es reunirse con la familia o con los amigos para disfrutar de una deliciosa cena y a las doce en punto tomar las doce uvas de la suerte durante las campanadas que se\u00f1alan el cambio de a\u00f1o.<\/span><\/p>\n<p><span style=\"font-family: helvetica, arial, sans-serif;\"><span style=\"font-size: 14pt;\"><a href=\"https:\/\/i0.wp.com\/www.espanolsi.com\/wp-content\/uploads\/2017\/12\/uva.jpg?ssl=1\" data-rel=\"lightbox-image-4\" data-rl_title=\"\" data-rl_caption=\"\" title=\"\"><img data-recalc-dims=\"1\" loading=\"lazy\" decoding=\"async\" data-attachment-id=\"765\" data-permalink=\"https:\/\/www.espanolsi.com\/en\/ano-nuevo\/uva\/\" data-orig-file=\"https:\/\/i0.wp.com\/www.espanolsi.com\/wp-content\/uploads\/2017\/12\/uva.jpg?fit=259%2C194&amp;ssl=1\" data-orig-size=\"259,194\" data-comments-opened=\"1\" data-image-meta=\"{&quot;aperture&quot;:&quot;0&quot;,&quot;credit&quot;:&quot;&quot;,&quot;camera&quot;:&quot;&quot;,&quot;caption&quot;:&quot;&quot;,&quot;created_timestamp&quot;:&quot;0&quot;,&quot;copyright&quot;:&quot;&quot;,&quot;focal_length&quot;:&quot;0&quot;,&quot;iso&quot;:&quot;0&quot;,&quot;shutter_speed&quot;:&quot;0&quot;,&quot;title&quot;:&quot;&quot;,&quot;orientation&quot;:&quot;0&quot;}\" data-image-title=\"uva\" data-image-description=\"&lt;p&gt;uva&lt;\/p&gt;\n\" data-image-caption=\"\" data-medium-file=\"https:\/\/i0.wp.com\/www.espanolsi.com\/wp-content\/uploads\/2017\/12\/uva.jpg?fit=259%2C194&amp;ssl=1\" data-large-file=\"https:\/\/i0.wp.com\/www.espanolsi.com\/wp-content\/uploads\/2017\/12\/uva.jpg?fit=259%2C194&amp;ssl=1\" class=\"alignleft wp-image-765 size-full\" src=\"https:\/\/i0.wp.com\/www.espanolsi.com\/wp-content\/uploads\/2017\/12\/uva.jpg?resize=259%2C194&#038;ssl=1\" alt=\"uva\" width=\"259\" height=\"194\" \/><\/a> Seg\u00fan la tradici\u00f3n, los que logran comer las uvas a tiempo tendr\u00e1n doce meses de prosperidad durante el a\u00f1o que se acerca. Esta costumbre se remonta a principios del siglo XX.<br \/>\n<\/span><span style=\"font-size: 14pt;\"> Las campanadas se retransmiten en directo por televisi\u00f3n a toda Espa\u00f1a. Tambi\u00e9n se suele celebrar en la calle, las plazas de los ayuntamientos o las plazas mayores donde haya un reloj.<br \/>\nEl sitio m\u00e1s concurrido en esta fecha es la\u00a0<a href=\"https:\/\/www.elplural.com\/sociedad\/2017\/12\/29\/todo-lo-que-debes-saber-si-decides-tomar-las-uvas-en-la-puerta-del-sol\">Puerta del Sol<\/a>, en\u00a0Madrid.<br \/>\n<\/span><\/span><\/p>\n<p><span style=\"font-size: 14pt; font-family: helvetica, arial, sans-serif;\"><br \/>\nMuchos siguen las supersticiones de los colores, por ejemplo: usar ropa interior de color amarillo para atraer prosperidad o de color rojo para atraer el amor.<\/span><br \/>\n<span style=\"font-family: helvetica, arial, sans-serif; font-size: 14pt;\"> Antes de ir a descansar, por la ma\u00f1anita se desayuna churros con chocolate. \u00a1Qu\u00e9 rico!<br \/>\n<\/span><\/p>\n<p><span style=\"font-family: helvetica, arial, sans-serif; font-size: 14pt;\">Despu\u00e9s de hablar tanto sobre comida, me entr\u00f3 un hambre voraz, me voy.<\/span><br \/>\n<span style=\"font-family: helvetica, arial, sans-serif; font-size: 14pt;\"> \u00a1Feliz A\u00f1o Nuevo y que coman much\u00edsimo!<\/span><br \/>\n<span style=\"font-family: helvetica, arial, sans-serif; font-size: 14pt;\"> \u00a1Buen provecho!<\/span><br \/>\n<iframe loading=\"lazy\" src=\"https:\/\/www.youtube.com\/embed\/qo1xsTqmzj8\" width=\"560\" height=\"315\" frameborder=\"0\" allowfullscreen=\"allowfullscreen\"><\/iframe><\/p>\n<p>&nbsp;<\/p>\n<p>&nbsp;<\/p>\n<p>&nbsp;<\/p>\n<p><span style=\"font-family: helvetica, arial, sans-serif; font-size: 14pt;\">\u00a0<\/span><\/p>\n<p><span style=\"font-family: helvetica, arial, sans-serif; font-size: 14pt;\">\u00a0<\/span><\/p>\n<p>&nbsp;<\/p>\n<p>&nbsp;<\/p>\n<p>&nbsp;<\/p>\n<p><span style=\"font-family: helvetica, arial, sans-serif; font-size: 14pt;\">\u00a0<\/span><\/p>\n<p><span style=\"font-family: helvetica, arial, sans-serif; font-size: 14pt;\">\u00a0<\/span><\/p>\n<p><span style=\"font-family: helvetica, arial, sans-serif; font-size: 14pt;\">\u00a0<\/span><\/p>\n<p><span style=\"font-family: helvetica, arial, sans-serif; font-size: 14pt;\">\u00a0<\/span>","protected":false},"excerpt":{"rendered":"<p>escucha el texto Diciembre es un mes para celebrar, tenemos la Navidad y el A\u00f1o Nuevo. Ya hablamos de la Navidad ac\u00e1. Hoy vamos a conocer un poco sobre la Nochevieja en Espa\u00f1a, mejor dicho, el A\u00f1o Nuevo Espa\u00f1ol. El 31 de diciembre, la Nochevieja, las personas se re\u00fanen para cenar y, como siempre,\u00a0la mayor\u00eda [&hellip;]<\/p>\n","protected":false},"author":1,"featured_media":1863,"comment_status":"open","ping_status":"closed","sticky":false,"template":"","format":"standard","meta":{"_monsterinsights_skip_tracking":false,"_monsterinsights_sitenote_active":false,"_monsterinsights_sitenote_note":"","_monsterinsights_sitenote_category":0,"jetpack_post_was_ever_published":false,"_jetpack_newsletter_access":"","_jetpack_dont_email_post_to_subs":false,"_jetpack_newsletter_tier_id":0,"_jetpack_memberships_contains_paywalled_content":false,"_jetpack_memberships_contains_paid_content":false,"footnotes":"","jetpack_publicize_message":"","jetpack_publicize_feature_enabled":true,"jetpack_social_post_already_shared":true,"jetpack_social_options":{"image_generator_settings":{"template":"highway","enabled":false},"version":2}},"categories":[250],"tags":[464,470,471,466,172,482,474,479,481,475,293,295,468,469,472,473,478,480,477,467,465,7,476],"class_list":["post-746","post","type-post","status-publish","format-standard","has-post-thumbnail","hentry","category-cultura-y-tradicion","tag-ano-nuevo","tag-cava","tag-cena","tag-cochinillo","tag-comida","tag-espana","tag-fin-de-ano","tag-lentejas","tag-madrid","tag-mazapan","tag-navidad","tag-nochevieja","tag-pavo","tag-pavo-relleno","tag-platos","tag-platos-tipicos","tag-polvorones","tag-puerta-del-sol","tag-tomar-doce-uvas","tag-tomar-uvas","tag-turron","tag-uva","tag-uvas-de-la-suerte"],"jetpack_publicize_connections":[],"jetpack_featured_media_url":"https:\/\/i0.wp.com\/www.espanolsi.com\/wp-content\/uploads\/2017\/12\/2019-2.png?fit=1200%2C630&ssl=1","jetpack_sharing_enabled":true,"jetpack_shortlink":"https:\/\/wp.me\/p9pq5s-c2","jetpack_likes_enabled":true,"jetpack-related-posts":[],"_links":{"self":[{"href":"https:\/\/www.espanolsi.com\/en\/wp-json\/wp\/v2\/posts\/746","targetHints":{"allow":["GET"]}}],"collection":[{"href":"https:\/\/www.espanolsi.com\/en\/wp-json\/wp\/v2\/posts"}],"about":[{"href":"https:\/\/www.espanolsi.com\/en\/wp-json\/wp\/v2\/types\/post"}],"author":[{"embeddable":true,"href":"https:\/\/www.espanolsi.com\/en\/wp-json\/wp\/v2\/users\/1"}],"replies":[{"embeddable":true,"href":"https:\/\/www.espanolsi.com\/en\/wp-json\/wp\/v2\/comments?post=746"}],"version-history":[{"count":0,"href":"https:\/\/www.espanolsi.com\/en\/wp-json\/wp\/v2\/posts\/746\/revisions"}],"wp:featuredmedia":[{"embeddable":true,"href":"https:\/\/www.espanolsi.com\/en\/wp-json\/wp\/v2\/media\/1863"}],"wp:attachment":[{"href":"https:\/\/www.espanolsi.com\/en\/wp-json\/wp\/v2\/media?parent=746"}],"wp:term":[{"taxonomy":"category","embeddable":true,"href":"https:\/\/www.espanolsi.com\/en\/wp-json\/wp\/v2\/categories?post=746"},{"taxonomy":"post_tag","embeddable":true,"href":"https:\/\/www.espanolsi.com\/en\/wp-json\/wp\/v2\/tags?post=746"}],"curies":[{"name":"wp","href":"https:\/\/api.w.org\/{rel}","templated":true}]}}