{"id":1697,"date":"2018-07-10T11:55:43","date_gmt":"2018-07-10T14:55:43","guid":{"rendered":"https:\/\/www.espanolsi.com\/?p=1697"},"modified":"2018-07-10T11:55:43","modified_gmt":"2018-07-10T14:55:43","slug":"ser-y-estar","status":"publish","type":"post","link":"https:\/\/www.espanolsi.com\/pb\/ser-y-estar\/","title":{"rendered":"Ser y Estar"},"content":{"rendered":"<p><span style=\"font-size: 14pt;\"><a href=\"https:\/\/i0.wp.com\/www.espanolsi.com\/wp-content\/uploads\/2018\/02\/chico-tiene-duda.png?ssl=1\" data-rel=\"lightbox-image-0\" data-rl_title=\"\" data-rl_caption=\"\" title=\"\"><img data-recalc-dims=\"1\" loading=\"lazy\" decoding=\"async\" data-attachment-id=\"1139\" data-permalink=\"https:\/\/www.espanolsi.com\/pb\/doble-ese-espanol\/chico-tiene-duda\/\" data-orig-file=\"https:\/\/i0.wp.com\/www.espanolsi.com\/wp-content\/uploads\/2018\/02\/chico-tiene-duda.png?fit=800%2C741&amp;ssl=1\" data-orig-size=\"800,741\" data-comments-opened=\"1\" data-image-meta=\"{&quot;aperture&quot;:&quot;0&quot;,&quot;credit&quot;:&quot;&quot;,&quot;camera&quot;:&quot;&quot;,&quot;caption&quot;:&quot;&quot;,&quot;created_timestamp&quot;:&quot;0&quot;,&quot;copyright&quot;:&quot;&quot;,&quot;focal_length&quot;:&quot;0&quot;,&quot;iso&quot;:&quot;0&quot;,&quot;shutter_speed&quot;:&quot;0&quot;,&quot;title&quot;:&quot;&quot;,&quot;orientation&quot;:&quot;0&quot;}\" data-image-title=\"chico tiene duda\" data-image-description=\"&lt;p&gt;chico tiene duda&lt;\/p&gt;\n\" data-image-caption=\"\" data-medium-file=\"https:\/\/i0.wp.com\/www.espanolsi.com\/wp-content\/uploads\/2018\/02\/chico-tiene-duda.png?fit=300%2C278&amp;ssl=1\" data-large-file=\"https:\/\/i0.wp.com\/www.espanolsi.com\/wp-content\/uploads\/2018\/02\/chico-tiene-duda.png?fit=640%2C593&amp;ssl=1\" class=\"alignleft wp-image-1139 size-thumbnail\" src=\"https:\/\/i0.wp.com\/www.espanolsi.com\/wp-content\/uploads\/2018\/02\/chico-tiene-duda.png?resize=150%2C150&#038;ssl=1\" alt=\"chico tiene duda\" width=\"150\" height=\"150\" srcset=\"https:\/\/i0.wp.com\/www.espanolsi.com\/wp-content\/uploads\/2018\/02\/chico-tiene-duda.png?resize=150%2C150&amp;ssl=1 150w, https:\/\/i0.wp.com\/www.espanolsi.com\/wp-content\/uploads\/2018\/02\/chico-tiene-duda.png?zoom=2&amp;resize=150%2C150&amp;ssl=1 300w, https:\/\/i0.wp.com\/www.espanolsi.com\/wp-content\/uploads\/2018\/02\/chico-tiene-duda.png?zoom=3&amp;resize=150%2C150&amp;ssl=1 450w\" sizes=\"auto, (max-width: 150px) 100vw, 150px\" \/><\/a>\u00bfTe parece dif\u00edcil entender la diferencia entre Ser y Estar?<\/span><br \/>\n<span style=\"font-size: 14pt;\"> Creo que a muchas personas, \u00bfverdad?<\/span><br \/>\n<span style=\"font-size: 14pt;\"> Principalmente a quienes hablan franc\u00e9s, ingl\u00e9s o alem\u00e1n.<\/span><br \/>\n<span style=\"font-size: 14pt;\"> Vamos a ver algunas diferencias ahora.<\/span><\/p>\n<p><span style=\"font-size: 14pt;\">Voy a empezar por el verbo <strong><span style=\"color: #993366;\">ser<\/span>:<\/strong><\/span><\/p>\n<ul style=\"list-style-type: circle;\">\n<li><span style=\"font-size: 14pt;\">Este verbo presenta cualidades permanentes, por ejemplo:<\/span><\/li>\n<\/ul>\n<p style=\"text-align: center;\"><span style=\"font-size: 14pt;\">Pepe es muy paciente con sus alumnos.<\/span><br \/>\n<span style=\"font-size: 14pt;\"> Mis abuelos eran muy cari\u00f1osos con sus nietos.<\/span><\/p>\n<ul style=\"list-style-type: circle;\">\n<li><span style=\"font-size: 14pt;\">Para describir las caracter\u00edsticas de una persona o de una cosa:<br \/>\n<\/span><\/li>\n<\/ul>\n<p style=\"text-align: center;\"><span style=\"font-size: 14pt;\">Mi casa es muy grande.<\/span><br \/>\n<span style=\"font-size: 14pt;\"> Este libro no es muy bueno, es un poco aburrido.<\/span><br \/>\n<span style=\"font-size: 14pt;\"> La muchacha es pelirroja.<\/span><\/p>\n<ul style=\"list-style-type: circle;\">\n<li><span style=\"font-size: 14pt;\">Para identificar una persona:<\/span><\/li>\n<\/ul>\n<p style=\"text-align: center;\"><span style=\"font-size: 14pt;\">\u00a1Hola! Soy Awdrey.<\/span><br \/>\n<span style=\"font-size: 14pt;\"> Aquel es mi novio.<\/span><\/p>\n<ul style=\"list-style-type: circle;\">\n<li><span style=\"font-size: 14pt;\">Para saber el origen de alguien:<\/span><\/li>\n<\/ul>\n<p style=\"text-align: center;\"><span style=\"font-size: 14pt;\">Angelina Jolie es estadounidense.<\/span><br \/>\n<span style=\"font-size: 14pt;\"> Mis suegros son polacos.<\/span><\/p>\n<ul style=\"list-style-type: circle;\">\n<li><span style=\"font-size: 14pt;\">para indicar el material, la\u00a0 pertenencia de un objeto.<\/span><\/li>\n<\/ul>\n<p style=\"text-align: center;\"><span style=\"font-size: 14pt;\">El collar es de perla.<\/span><br \/>\n<span style=\"font-size: 14pt;\">La casa es de madera.<\/span><br \/>\n<span style=\"font-size: 14pt;\">Este coche no es m\u00edo.<\/span><br \/>\n<span style=\"font-size: 14pt;\">Estos cuadros eran de mis bisabuelos.<\/span><\/p>\n<ul style=\"list-style-type: circle;\">\n<li><span style=\"font-size: 14pt;\">\u00a0Para informar la profesi\u00f3n de alguien:<\/span><\/li>\n<\/ul>\n<p style=\"text-align: center;\"><span style=\"font-size: 14pt;\">Shakira es cantante.<\/span><br \/>\n<span style=\"font-size: 14pt;\"> Mis t\u00edos son carniceros.<\/span><\/p>\n<p><span style=\"font-size: 14pt;\">\u00bfY t\u00fa qu\u00e9 haces? D\u00edmelo en los comentarios.<\/span><\/p>\n<p><span style=\"font-size: 14pt;\"><strong>Ahora vamos a ver el verbo <span style=\"color: #800080;\">Estar<\/span>.<\/strong><\/span><\/p>\n<ul style=\"list-style-type: circle;\">\n<li><span style=\"font-size: 14pt;\">Para estados de \u00e1nimo, estados temporales, es decir, que pueden cambiar de un momento a otro:<br \/>\n<\/span><\/li>\n<\/ul>\n<p style=\"text-align: center;\"><span style=\"font-size: 14pt;\">Ayer mi mam\u00e1 estaba muy enfadada.<\/span><br \/>\n<span style=\"font-size: 14pt;\"> Pepe est\u00e1 muy contento porque ascendi\u00f3 en la empresa.<\/span><br \/>\n<span style=\"font-size: 14pt;\"> Estamos muy alegres ya que vamos a ser padres.<\/span><\/p>\n<ul style=\"list-style-type: circle;\">\n<li><span style=\"font-size: 14pt;\">Para localizaci\u00f3n, para situar algo: Estar + lugar<\/span><\/li>\n<\/ul>\n<p style=\"text-align: center;\"><span style=\"font-size: 14pt;\">El banco est\u00e1 al lado de la panader\u00eda.<\/span><br \/>\n<span style=\"font-size: 14pt;\"> Bariloche est\u00e1 en Argentina.<\/span><\/p>\n<p><span style=\"font-size: 14pt;\">No digas: Bariloche es en Argentina.<\/span><\/p>\n<ul style=\"list-style-type: circle;\">\n<li><span style=\"font-size: 14pt;\">Con los adverbios bien y mal siempre se usa estar:<\/span><\/li>\n<\/ul>\n<p style=\"text-align: center;\"><span style=\"font-size: 14pt;\">\u00a1Estoy muy bien!<\/span><br \/>\n<span style=\"font-size: 14pt;\"> Est\u00e1 muy bien respetarles a los mayores.<\/span><br \/>\n<span style=\"font-size: 14pt;\"> Estos ejercicios no est\u00e1n bien. Tienes que hacerlos nuevamente.<\/span><\/p>\n<ul style=\"list-style-type: circle;\">\n<li><span style=\"font-size: 14pt;\">Para hablar sobre algo que est\u00e1 sucediendo en este momento (verbo Estar + gerundio)<\/span><\/li>\n<\/ul>\n<p style=\"text-align: center;\"><span style=\"font-size: 14pt;\">Estamos yendo al centro comercial. \u00bfQuieres ir?<\/span><br \/>\n<span style=\"font-size: 14pt;\"> Marta est\u00e1 cepill\u00e1ndose los dientes.<\/span><br \/>\n<span style=\"font-size: 14pt;\"> Las ni\u00f1as est\u00e1n viendo una pel\u00edcula.<\/span><\/p>\n<p>&nbsp;<\/p>\n<p><span style=\"font-size: 14pt;\"><a href=\"https:\/\/i0.wp.com\/www.espanolsi.com\/wp-content\/uploads\/2018\/01\/emoticon-1628080_1920.png?ssl=1\" data-rel=\"lightbox-image-1\" data-rl_title=\"\" data-rl_caption=\"\" title=\"\"><img data-recalc-dims=\"1\" loading=\"lazy\" decoding=\"async\" data-attachment-id=\"1090\" data-permalink=\"https:\/\/www.espanolsi.com\/pb\/hay-y-habia\/emoticon-1628080_1920\/\" data-orig-file=\"https:\/\/i0.wp.com\/www.espanolsi.com\/wp-content\/uploads\/2018\/01\/emoticon-1628080_1920.png?fit=1920%2C1280&amp;ssl=1\" data-orig-size=\"1920,1280\" data-comments-opened=\"1\" data-image-meta=\"{&quot;aperture&quot;:&quot;0&quot;,&quot;credit&quot;:&quot;&quot;,&quot;camera&quot;:&quot;&quot;,&quot;caption&quot;:&quot;&quot;,&quot;created_timestamp&quot;:&quot;0&quot;,&quot;copyright&quot;:&quot;&quot;,&quot;focal_length&quot;:&quot;0&quot;,&quot;iso&quot;:&quot;0&quot;,&quot;shutter_speed&quot;:&quot;0&quot;,&quot;title&quot;:&quot;&quot;,&quot;orientation&quot;:&quot;0&quot;}\" data-image-title=\"atenci\u00f3n\/attention\" data-image-description=\"&lt;p&gt;atenci\u00f3n\/attention&lt;\/p&gt;\n\" data-image-caption=\"\" data-medium-file=\"https:\/\/i0.wp.com\/www.espanolsi.com\/wp-content\/uploads\/2018\/01\/emoticon-1628080_1920.png?fit=300%2C200&amp;ssl=1\" data-large-file=\"https:\/\/i0.wp.com\/www.espanolsi.com\/wp-content\/uploads\/2018\/01\/emoticon-1628080_1920.png?fit=640%2C427&amp;ssl=1\" class=\"alignleft wp-image-1090 size-thumbnail\" src=\"https:\/\/i0.wp.com\/www.espanolsi.com\/wp-content\/uploads\/2018\/01\/emoticon-1628080_1920.png?resize=150%2C150&#038;ssl=1\" alt=\"atenci\u00f3n\/attention\" width=\"150\" height=\"150\" srcset=\"https:\/\/i0.wp.com\/www.espanolsi.com\/wp-content\/uploads\/2018\/01\/emoticon-1628080_1920.png?resize=150%2C150&amp;ssl=1 150w, https:\/\/i0.wp.com\/www.espanolsi.com\/wp-content\/uploads\/2018\/01\/emoticon-1628080_1920.png?zoom=2&amp;resize=150%2C150&amp;ssl=1 300w, https:\/\/i0.wp.com\/www.espanolsi.com\/wp-content\/uploads\/2018\/01\/emoticon-1628080_1920.png?zoom=3&amp;resize=150%2C150&amp;ssl=1 450w\" sizes=\"auto, (max-width: 150px) 100vw, 150px\" \/><\/a>\u00a1Ojo!<\/span><\/p>\n<p><span style=\"font-size: 14pt;\">Hay palabras que si la utilizas con el verbo <strong><span style=\"color: #993366;\">ser<\/span><\/strong> tienen un significado, si las utilizas con el verbo <span style=\"color: #993366;\"><strong>estar<\/strong><\/span> tienen otro, por ejemplo:<\/span><\/p>\n<table class=\" aligncenter\" style=\"border-color: #450f0f; background-color: #ccafaf; width: 615px; height: 35px;\">\n<tbody>\n<tr>\n<td style=\"border-color: #e01010; width: 348px; text-align: center; vertical-align: middle;\"><span style=\"font-size: 14pt;\">Eres muy lista<\/span><\/td>\n<td style=\"width: 248.5px; border-color: #e61e1e; text-align: center; vertical-align: middle;\"><span style=\"font-size: 14pt;\">\u00bfEst\u00e1s lista?<\/span><\/td>\n<\/tr>\n<\/tbody>\n<\/table>\n<p>&nbsp;<\/p>\n<ul>\n<li><span style=\"font-size: 14pt;\">En la frase que est\u00e1 a la izquierda quiero decir que eres inteligente, que aprendes f\u00e1cilmente.<\/span><\/li>\n<\/ul>\n<p>&nbsp;<\/p>\n<ul>\n<li><span style=\"font-size: 14pt;\">En la frase que est\u00e1 a la derecha quiero saber si est\u00e1s preparada para algo, vamos a imaginar la siguiente situaci\u00f3n:<\/span><br \/>\n<span style=\"font-size: 14pt;\"> Vamos a salir y tienes que arreglarte y despu\u00e9s de media hora te pregunto: \u00bfEst\u00e1s lista?<\/span><\/li>\n<\/ul>\n<p><span style=\"font-size: 14pt;\">Otras ejemplos:<\/span><\/p>\n<table class=\" aligncenter\" style=\"width: 911px; height: 69px;\">\n<tbody>\n<tr>\n<td style=\"border-color: #960f0f; background-color: #eddfdf; text-align: center; vertical-align: middle; width: 461.967px;\"><span style=\"font-size: 14pt;\">ser bueno = ser bondadoso, tener un buen coraz\u00f3n<\/span><\/td>\n<td style=\"border-color: #960f0f; background-color: #eddfdf; text-align: center; vertical-align: middle; width: 431.533px;\"><span style=\"font-size: 14pt;\">estar bueno = ser guapo, no estar enfermo <\/span><\/td>\n<\/tr>\n<tr>\n<td style=\"border-color: #960f0f; background-color: #eddfdf; text-align: center; vertical-align: middle; width: 461.967px;\"><span style=\"font-size: 14pt;\">ser aburrido\u00a0 = algo que causa aburrimiento<\/span><\/td>\n<td style=\"border-color: #960f0f; background-color: #eddfdf; text-align: center; vertical-align: middle; width: 431.533px;\"><span style=\"font-size: 14pt;\">\u00a0estar aburrido\u00a0\u00a0 = alguien no est\u00e1 divirti\u00e9ndose<\/span><\/td>\n<\/tr>\n<\/tbody>\n<\/table>\n<p><span style=\"font-size: 14pt;\">Algunas excepciones:<\/span><\/p>\n<p><span style=\"font-size: 14pt;\">&#8211; estar vivo o estar muerto<\/span><br \/>\n<span style=\"font-size: 14pt;\">&#8211; ser joven<\/span><\/p>\n<p><span style=\"font-size: 14pt;\">Ac\u00e1 te dejo un v\u00eddeo con m\u00e1s ejemplos:<\/span><\/p>\n<p><iframe loading=\"lazy\" src=\"https:\/\/www.youtube.com\/embed\/_zhFCc3Scx4\" width=\"560\" height=\"315\" frameborder=\"0\" allowfullscreen=\"allowfullscreen\"><\/iframe><\/p>\n","protected":false},"excerpt":{"rendered":"<p>\u00bfTe parece dif\u00edcil entender la diferencia entre Ser y Estar? Creo que a muchas personas, \u00bfverdad? Principalmente a quienes hablan franc\u00e9s, ingl\u00e9s o alem\u00e1n. Vamos a ver algunas diferencias ahora. Voy a empezar por el verbo ser: Este verbo presenta cualidades permanentes, por ejemplo: Pepe es muy paciente con sus alumnos. Mis abuelos eran muy [&hellip;]<\/p>\n","protected":false},"author":1,"featured_media":1707,"comment_status":"open","ping_status":"closed","sticky":false,"template":"","format":"standard","meta":{"_monsterinsights_skip_tracking":false,"_monsterinsights_sitenote_active":false,"_monsterinsights_sitenote_note":"","_monsterinsights_sitenote_category":0,"jetpack_post_was_ever_published":false,"_jetpack_newsletter_access":"","_jetpack_dont_email_post_to_subs":false,"_jetpack_newsletter_tier_id":0,"_jetpack_memberships_contains_paywalled_content":false,"_jetpack_memberships_contains_paid_content":false,"footnotes":"","jetpack_publicize_message":"","jetpack_publicize_feature_enabled":true,"jetpack_social_post_already_shared":true,"jetpack_social_options":{"image_generator_settings":{"template":"highway","enabled":false},"version":2}},"categories":[246,357],"tags":[530,523,282,525,331,384,482,381,106,235,520,279,518,222,516,531,558,559,383,509,382,535,532],"class_list":["post-1697","post","type-post","status-publish","format-standard","has-post-thumbnail","hentry","category-gramatica","category-videos","tag-apprendre","tag-aprender","tag-aprender-espanol","tag-aprendizagem","tag-brasil","tag-espagnol","tag-espana","tag-espanhol","tag-espanol","tag-estar","tag-estudiantes","tag-estudiar","tag-gramatica","tag-gramatica-espanol","tag-learn","tag-lernen","tag-ser","tag-ser-y-estar","tag-spagnolo","tag-spanisch","tag-spanish","tag-535","tag-532"],"jetpack_publicize_connections":[],"jetpack_featured_media_url":"https:\/\/i0.wp.com\/www.espanolsi.com\/wp-content\/uploads\/2018\/07\/ser-y-estar-miniatura.png?fit=1600%2C840&ssl=1","jetpack_sharing_enabled":true,"jetpack_shortlink":"https:\/\/wp.me\/p9pq5s-rn","jetpack_likes_enabled":true,"jetpack-related-posts":[],"_links":{"self":[{"href":"https:\/\/www.espanolsi.com\/pb\/wp-json\/wp\/v2\/posts\/1697","targetHints":{"allow":["GET"]}}],"collection":[{"href":"https:\/\/www.espanolsi.com\/pb\/wp-json\/wp\/v2\/posts"}],"about":[{"href":"https:\/\/www.espanolsi.com\/pb\/wp-json\/wp\/v2\/types\/post"}],"author":[{"embeddable":true,"href":"https:\/\/www.espanolsi.com\/pb\/wp-json\/wp\/v2\/users\/1"}],"replies":[{"embeddable":true,"href":"https:\/\/www.espanolsi.com\/pb\/wp-json\/wp\/v2\/comments?post=1697"}],"version-history":[{"count":0,"href":"https:\/\/www.espanolsi.com\/pb\/wp-json\/wp\/v2\/posts\/1697\/revisions"}],"wp:featuredmedia":[{"embeddable":true,"href":"https:\/\/www.espanolsi.com\/pb\/wp-json\/wp\/v2\/media\/1707"}],"wp:attachment":[{"href":"https:\/\/www.espanolsi.com\/pb\/wp-json\/wp\/v2\/media?parent=1697"}],"wp:term":[{"taxonomy":"category","embeddable":true,"href":"https:\/\/www.espanolsi.com\/pb\/wp-json\/wp\/v2\/categories?post=1697"},{"taxonomy":"post_tag","embeddable":true,"href":"https:\/\/www.espanolsi.com\/pb\/wp-json\/wp\/v2\/tags?post=1697"}],"curies":[{"name":"wp","href":"https:\/\/api.w.org\/{rel}","templated":true}]}}