{"id":1904,"date":"2019-01-12T17:44:46","date_gmt":"2019-01-12T19:44:46","guid":{"rendered":"https:\/\/www.espanolsi.com\/?p=1904"},"modified":"2019-01-12T19:35:41","modified_gmt":"2019-01-12T21:35:41","slug":"futuro-simple","status":"publish","type":"post","link":"https:\/\/www.espanolsi.com\/pb\/futuro-simple\/","title":{"rendered":"Futuro Simple"},"content":{"rendered":"<img data-recalc-dims=\"1\" loading=\"lazy\" decoding=\"async\" data-attachment-id=\"1915\" data-permalink=\"https:\/\/www.espanolsi.com\/pb\/futuro-simple\/mini-bola-de-cristal\/\" data-orig-file=\"https:\/\/i0.wp.com\/www.espanolsi.com\/wp-content\/uploads\/2019\/01\/MINI-Bola-de-cristal.png?fit=702%2C656&amp;ssl=1\" data-orig-size=\"702,656\" data-comments-opened=\"1\" data-image-meta=\"{&quot;aperture&quot;:&quot;0&quot;,&quot;credit&quot;:&quot;&quot;,&quot;camera&quot;:&quot;&quot;,&quot;caption&quot;:&quot;&quot;,&quot;created_timestamp&quot;:&quot;0&quot;,&quot;copyright&quot;:&quot;&quot;,&quot;focal_length&quot;:&quot;0&quot;,&quot;iso&quot;:&quot;0&quot;,&quot;shutter_speed&quot;:&quot;0&quot;,&quot;title&quot;:&quot;&quot;,&quot;orientation&quot;:&quot;0&quot;}\" data-image-title=\"Bola de cristal\" data-image-description=\"\" data-image-caption=\"\" data-medium-file=\"https:\/\/i0.wp.com\/www.espanolsi.com\/wp-content\/uploads\/2019\/01\/MINI-Bola-de-cristal.png?fit=300%2C280&amp;ssl=1\" data-large-file=\"https:\/\/i0.wp.com\/www.espanolsi.com\/wp-content\/uploads\/2019\/01\/MINI-Bola-de-cristal.png?fit=640%2C598&amp;ssl=1\" class=\"aligncenter wp-image-1915 \" src=\"https:\/\/i0.wp.com\/www.espanolsi.com\/wp-content\/uploads\/2019\/01\/MINI-Bola-de-cristal.png?resize=115%2C116&#038;ssl=1\" alt=\"Bola de cristal\" width=\"115\" height=\"116\" srcset=\"https:\/\/i0.wp.com\/www.espanolsi.com\/wp-content\/uploads\/2019\/01\/MINI-Bola-de-cristal.png?resize=150%2C150&amp;ssl=1 150w, https:\/\/i0.wp.com\/www.espanolsi.com\/wp-content\/uploads\/2019\/01\/MINI-Bola-de-cristal.png?zoom=2&amp;resize=115%2C116&amp;ssl=1 230w, https:\/\/i0.wp.com\/www.espanolsi.com\/wp-content\/uploads\/2019\/01\/MINI-Bola-de-cristal.png?zoom=3&amp;resize=115%2C116&amp;ssl=1 345w\" sizes=\"auto, (max-width: 115px) 100vw, 115px\" \/><\/p>\n<p style=\"text-align: center;\"><div class=\"compact_audio_player_wrapper\"><div class=\"sc_player_container1\"><input type=\"button\" id=\"btnplay_69f1ffd02ef767.98570625\" class=\"myButton_play\" onClick=\"play_mp3('play','69f1ffd02ef767.98570625','https:\/\/www.espanolsi.com\/wp-content\/uploads\/2019\/01\/futuro-Simple-post_mixdown.mp3','80','false');show_hide('play','69f1ffd02ef767.98570625');\" \/><input type=\"button\"  id=\"btnstop_69f1ffd02ef767.98570625\" style=\"display:none\" class=\"myButton_stop\" onClick=\"play_mp3('stop','69f1ffd02ef767.98570625','','80','false');show_hide('stop','69f1ffd02ef767.98570625');\" \/><div id=\"sm2-container\"><!-- flash movie ends up here --><\/div><\/div><\/div> escucha el texto<br \/>\nHoy vamos a ver un poquito de gram\u00e1tica. Vamos a conocer el Futuro Simple de indicativo. Lo utilizamos para expresar intenci\u00f3n, probabilidad, planes y hacer predicciones. Ejemplos:<\/p>\n<p style=\"text-align: center;\">Creo que ma\u00f1ana <strong><span style=\"color: #993366;\">haremos<\/span><\/strong> una parrillada.<\/p>\n<p style=\"text-align: center;\">Este a\u00f1o<strong><span style=\"color: #993366;\"> estudiar\u00e9<\/span><\/strong> chino,<strong><span style=\"color: #993366;\"> har\u00e9<\/span><\/strong> un crucero y <strong><span style=\"color: #993366;\">comprar\u00e9<\/span><\/strong> un coche.<\/p>\n<p style=\"text-align: center;\">Creo que<span style=\"color: #993366;\"><strong> llover\u00e1<\/strong><\/span> este fin de semana.<\/p>\n<p>Los verbos en Futuro Simple son f\u00e1ciles de conjugar porque todos tienen la misma terminaci\u00f3n. Abajo podr\u00e1s ver la terminaci\u00f3n que est\u00e1 en rojo, esta ser\u00e1 la misma para todos los verbos en este tiempo.<a href=\"https:\/\/i0.wp.com\/www.espanolsi.com\/wp-content\/uploads\/2019\/01\/futuro-tabla-1.jpg?ssl=1\" data-rel=\"lightbox-image-0\" data-rl_title=\"\" data-rl_caption=\"\" title=\"\"><img data-recalc-dims=\"1\" loading=\"lazy\" decoding=\"async\" data-attachment-id=\"1914\" data-permalink=\"https:\/\/www.espanolsi.com\/pb\/futuro-simple\/futuro-tabla-1\/\" data-orig-file=\"https:\/\/i0.wp.com\/www.espanolsi.com\/wp-content\/uploads\/2019\/01\/futuro-tabla-1.jpg?fit=1280%2C720&amp;ssl=1\" data-orig-size=\"1280,720\" data-comments-opened=\"1\" data-image-meta=\"{&quot;aperture&quot;:&quot;0&quot;,&quot;credit&quot;:&quot;&quot;,&quot;camera&quot;:&quot;&quot;,&quot;caption&quot;:&quot;&quot;,&quot;created_timestamp&quot;:&quot;0&quot;,&quot;copyright&quot;:&quot;&quot;,&quot;focal_length&quot;:&quot;0&quot;,&quot;iso&quot;:&quot;0&quot;,&quot;shutter_speed&quot;:&quot;0&quot;,&quot;title&quot;:&quot;&quot;,&quot;orientation&quot;:&quot;0&quot;}\" data-image-title=\"futuro &#8211; tabla 1\" data-image-description=\"\" data-image-caption=\"\" data-medium-file=\"https:\/\/i0.wp.com\/www.espanolsi.com\/wp-content\/uploads\/2019\/01\/futuro-tabla-1.jpg?fit=300%2C169&amp;ssl=1\" data-large-file=\"https:\/\/i0.wp.com\/www.espanolsi.com\/wp-content\/uploads\/2019\/01\/futuro-tabla-1.jpg?fit=640%2C360&amp;ssl=1\" class=\"wp-image-1914 aligncenter\" src=\"https:\/\/i0.wp.com\/www.espanolsi.com\/wp-content\/uploads\/2019\/01\/futuro-tabla-1.jpg?resize=344%2C199&#038;ssl=1\" alt=\"tabla futuro 1\" width=\"344\" height=\"199\" \/><\/a><\/p>\n<p>Ahora te muestro dos verbos conjugados en Futuro Simple. El primero es el verbo hablar, el mismo de la tabla anterior. El segundo es el verbo escribir. \u00c9chale un vistazo a la terminaci\u00f3n en rojo, \u00a1es la misma!<\/p>\n<p><img data-recalc-dims=\"1\" loading=\"lazy\" decoding=\"async\" data-attachment-id=\"1911\" data-permalink=\"https:\/\/www.espanolsi.com\/pb\/futuro-simple\/tabla-futuro-2\/\" data-orig-file=\"https:\/\/i0.wp.com\/www.espanolsi.com\/wp-content\/uploads\/2019\/01\/tabla-futuro-2.png?fit=1280%2C720&amp;ssl=1\" data-orig-size=\"1280,720\" data-comments-opened=\"1\" data-image-meta=\"{&quot;aperture&quot;:&quot;0&quot;,&quot;credit&quot;:&quot;&quot;,&quot;camera&quot;:&quot;&quot;,&quot;caption&quot;:&quot;&quot;,&quot;created_timestamp&quot;:&quot;0&quot;,&quot;copyright&quot;:&quot;&quot;,&quot;focal_length&quot;:&quot;0&quot;,&quot;iso&quot;:&quot;0&quot;,&quot;shutter_speed&quot;:&quot;0&quot;,&quot;title&quot;:&quot;&quot;,&quot;orientation&quot;:&quot;0&quot;}\" data-image-title=\"tabla &#8211; futuro 2\" data-image-description=\"\" data-image-caption=\"\" data-medium-file=\"https:\/\/i0.wp.com\/www.espanolsi.com\/wp-content\/uploads\/2019\/01\/tabla-futuro-2.png?fit=300%2C169&amp;ssl=1\" data-large-file=\"https:\/\/i0.wp.com\/www.espanolsi.com\/wp-content\/uploads\/2019\/01\/tabla-futuro-2.png?fit=640%2C360&amp;ssl=1\" class=\"wp-image-1911 aligncenter\" src=\"https:\/\/i0.wp.com\/www.espanolsi.com\/wp-content\/uploads\/2019\/01\/tabla-futuro-2.png?resize=378%2C194&#038;ssl=1\" alt=\"\" width=\"378\" height=\"194\" \/><\/p>\n<p>Por supuesto que no podemos olvidarnos de los verbos irregulares. Ellos van a tener la terminaci\u00f3n igual que la de los regulares que ya hemos visto en color rojo, pero hay un cambio en la ra\u00edz del verbo. Analiza estas dos tablas abajo (la ra\u00edz de la 1\u00aa persona -yo- est\u00e1 subrayada):<\/p>\n<p><img data-recalc-dims=\"1\" loading=\"lazy\" decoding=\"async\" data-attachment-id=\"1920\" data-permalink=\"https:\/\/www.espanolsi.com\/pb\/futuro-simple\/tabla-futuro-irregular-1\/\" data-orig-file=\"https:\/\/i0.wp.com\/www.espanolsi.com\/wp-content\/uploads\/2019\/01\/tabla-futuro-irregular-1.jpg?fit=960%2C720&amp;ssl=1\" data-orig-size=\"960,720\" data-comments-opened=\"1\" data-image-meta=\"{&quot;aperture&quot;:&quot;0&quot;,&quot;credit&quot;:&quot;&quot;,&quot;camera&quot;:&quot;&quot;,&quot;caption&quot;:&quot;&quot;,&quot;created_timestamp&quot;:&quot;0&quot;,&quot;copyright&quot;:&quot;&quot;,&quot;focal_length&quot;:&quot;0&quot;,&quot;iso&quot;:&quot;0&quot;,&quot;shutter_speed&quot;:&quot;0&quot;,&quot;title&quot;:&quot;&quot;,&quot;orientation&quot;:&quot;0&quot;}\" data-image-title=\"tabla futuro irregular 1\" data-image-description=\"\" data-image-caption=\"\" data-medium-file=\"https:\/\/i0.wp.com\/www.espanolsi.com\/wp-content\/uploads\/2019\/01\/tabla-futuro-irregular-1.jpg?fit=300%2C225&amp;ssl=1\" data-large-file=\"https:\/\/i0.wp.com\/www.espanolsi.com\/wp-content\/uploads\/2019\/01\/tabla-futuro-irregular-1.jpg?fit=640%2C480&amp;ssl=1\" class=\"aligncenter wp-image-1920 \" src=\"https:\/\/i0.wp.com\/www.espanolsi.com\/wp-content\/uploads\/2019\/01\/tabla-futuro-irregular-1.jpg?resize=451%2C338&#038;ssl=1\" alt=\"tabla futuro irregular 1\" width=\"451\" height=\"338\" srcset=\"https:\/\/i0.wp.com\/www.espanolsi.com\/wp-content\/uploads\/2019\/01\/tabla-futuro-irregular-1.jpg?w=960&amp;ssl=1 960w, https:\/\/i0.wp.com\/www.espanolsi.com\/wp-content\/uploads\/2019\/01\/tabla-futuro-irregular-1.jpg?resize=300%2C225&amp;ssl=1 300w, https:\/\/i0.wp.com\/www.espanolsi.com\/wp-content\/uploads\/2019\/01\/tabla-futuro-irregular-1.jpg?resize=768%2C576&amp;ssl=1 768w\" sizes=\"auto, (max-width: 451px) 100vw, 451px\" \/><\/p>\n<p><img data-recalc-dims=\"1\" loading=\"lazy\" decoding=\"async\" data-attachment-id=\"1919\" data-permalink=\"https:\/\/www.espanolsi.com\/pb\/futuro-simple\/futuro-irregular-2\/\" data-orig-file=\"https:\/\/i0.wp.com\/www.espanolsi.com\/wp-content\/uploads\/2019\/01\/FUTURO-IRREGULAR-2.jpg?fit=960%2C720&amp;ssl=1\" data-orig-size=\"960,720\" data-comments-opened=\"1\" data-image-meta=\"{&quot;aperture&quot;:&quot;0&quot;,&quot;credit&quot;:&quot;&quot;,&quot;camera&quot;:&quot;&quot;,&quot;caption&quot;:&quot;&quot;,&quot;created_timestamp&quot;:&quot;0&quot;,&quot;copyright&quot;:&quot;&quot;,&quot;focal_length&quot;:&quot;0&quot;,&quot;iso&quot;:&quot;0&quot;,&quot;shutter_speed&quot;:&quot;0&quot;,&quot;title&quot;:&quot;&quot;,&quot;orientation&quot;:&quot;0&quot;}\" data-image-title=\"TABLA FUTURO IRREGULAR 2\" data-image-description=\"\" data-image-caption=\"\" data-medium-file=\"https:\/\/i0.wp.com\/www.espanolsi.com\/wp-content\/uploads\/2019\/01\/FUTURO-IRREGULAR-2.jpg?fit=300%2C225&amp;ssl=1\" data-large-file=\"https:\/\/i0.wp.com\/www.espanolsi.com\/wp-content\/uploads\/2019\/01\/FUTURO-IRREGULAR-2.jpg?fit=640%2C480&amp;ssl=1\" class=\"wp-image-1919 aligncenter\" src=\"https:\/\/i0.wp.com\/www.espanolsi.com\/wp-content\/uploads\/2019\/01\/FUTURO-IRREGULAR-2.jpg?resize=452%2C347&#038;ssl=1\" alt=\"TABLA FUTURO IRREGULAR 2\" width=\"452\" height=\"347\" \/><\/p>\n<ul style=\"list-style-type: circle;\">\n<li><strong>El verbo <span style=\"color: #993366;\">haber<\/span> se utiliza en tercera persona para expresar existencia. Ejemplos:<\/strong><\/li>\n<\/ul>\n<p style=\"text-align: center;\">El mes que viene <span style=\"color: #993366;\">habr\u00e1<\/span> una exposici\u00f3n de Picasso en el museo Reina Sof\u00eda.<\/p>\n<p style=\"text-align: center;\">No <span style=\"color: #993366;\">habr\u00e1<\/span> Mundial este a\u00f1o.<\/p>\n<p style=\"text-align: center;\">Con el desarrollo de la tecnolog\u00eda <span style=\"color: #993366;\">habr\u00e1<\/span> nuevos puestos de trabajo.<\/p>\n<ul style=\"list-style-type: circle;\">\n<li><strong>Otros verbos irregulares en Futuro Simple<\/strong>: <strong><span style=\"color: #339966;\">decir, poder, saber, tener<\/span>.<\/strong> Ejemplos:<\/li>\n<\/ul>\n<p style=\"text-align: center;\">\u00bfC\u00faando me <span style=\"color: #339966;\">dir\u00e1n<\/span> la verdad?<\/p>\n<p style=\"text-align: center;\">No <span style=\"color: #339966;\">podremos<\/span> ir a tu boda.<\/p>\n<p style=\"text-align: center;\">Un d\u00eda <span style=\"color: #339966;\">sabr\u00e9is<\/span> la verdad.<\/p>\n<p style=\"text-align: center;\"><span style=\"color: #339966;\">Tendr\u00e9<\/span> que viajar en enero.<\/p>\n<p><a href=\"https:\/\/i0.wp.com\/www.espanolsi.com\/wp-content\/uploads\/2019\/01\/GITANA.png?ssl=1\" data-rel=\"lightbox-image-1\" data-rl_title=\"\" data-rl_caption=\"\" title=\"\"><img data-recalc-dims=\"1\" loading=\"lazy\" decoding=\"async\" data-attachment-id=\"1923\" data-permalink=\"https:\/\/www.espanolsi.com\/pb\/futuro-simple\/gitana\/\" data-orig-file=\"https:\/\/i0.wp.com\/www.espanolsi.com\/wp-content\/uploads\/2019\/01\/GITANA.png?fit=612%2C792&amp;ssl=1\" data-orig-size=\"612,792\" data-comments-opened=\"1\" data-image-meta=\"{&quot;aperture&quot;:&quot;0&quot;,&quot;credit&quot;:&quot;&quot;,&quot;camera&quot;:&quot;&quot;,&quot;caption&quot;:&quot;&quot;,&quot;created_timestamp&quot;:&quot;0&quot;,&quot;copyright&quot;:&quot;&quot;,&quot;focal_length&quot;:&quot;0&quot;,&quot;iso&quot;:&quot;0&quot;,&quot;shutter_speed&quot;:&quot;0&quot;,&quot;title&quot;:&quot;&quot;,&quot;orientation&quot;:&quot;0&quot;}\" data-image-title=\"GITANA\" data-image-description=\"\" data-image-caption=\"\" data-medium-file=\"https:\/\/i0.wp.com\/www.espanolsi.com\/wp-content\/uploads\/2019\/01\/GITANA.png?fit=232%2C300&amp;ssl=1\" data-large-file=\"https:\/\/i0.wp.com\/www.espanolsi.com\/wp-content\/uploads\/2019\/01\/GITANA.png?fit=612%2C792&amp;ssl=1\" class=\"alignleft wp-image-1923 \" src=\"https:\/\/i0.wp.com\/www.espanolsi.com\/wp-content\/uploads\/2019\/01\/GITANA.png?resize=72%2C72&#038;ssl=1\" alt=\"GITANA\" width=\"72\" height=\"72\" srcset=\"https:\/\/i0.wp.com\/www.espanolsi.com\/wp-content\/uploads\/2019\/01\/GITANA.png?resize=150%2C150&amp;ssl=1 150w, https:\/\/i0.wp.com\/www.espanolsi.com\/wp-content\/uploads\/2019\/01\/GITANA.png?zoom=3&amp;resize=72%2C72&amp;ssl=1 216w\" sizes=\"auto, (max-width: 72px) 100vw, 72px\" \/><\/a>Para practicar m\u00e1s el futuro, haz este <em>quiz<\/em>: <a href=\"https:\/\/www.espanolsi.com\/quiz-futuro-simple\/\">https:\/\/www.espanolsi.com\/quiz-futuro-simple\/<\/a><\/p>\n<p>Para terminar, te dejo dos v\u00eddeos sobre el Futuro Simple:<\/p>\n<p>&nbsp;<\/p>\n<p><iframe loading=\"lazy\" src=\"https:\/\/www.youtube.com\/embed\/0pi0MeWTpy0\" width=\"560\" height=\"315\" frameborder=\"0\" allowfullscreen=\"allowfullscreen\"><\/iframe><\/p>\n<p><iframe loading=\"lazy\" src=\"https:\/\/www.youtube.com\/embed\/vXqhKWIC1Bo\" width=\"560\" height=\"315\" frameborder=\"0\" allowfullscreen=\"allowfullscreen\"><\/iframe><\/p>\n<p>\u00a1Hasta luego!","protected":false},"excerpt":{"rendered":"<p>escucha el texto Hoy vamos a ver un poquito de gram\u00e1tica. Vamos a conocer el Futuro Simple de indicativo. Lo utilizamos para expresar intenci\u00f3n, probabilidad, planes y hacer predicciones. Ejemplos: Creo que ma\u00f1ana haremos una parrillada. Este a\u00f1o estudiar\u00e9 chino, har\u00e9 un crucero y comprar\u00e9 un coche. Creo que llover\u00e1 este fin de semana. Los [&hellip;]<\/p>\n","protected":false},"author":1,"featured_media":1930,"comment_status":"open","ping_status":"open","sticky":false,"template":"","format":"standard","meta":{"_monsterinsights_skip_tracking":false,"_monsterinsights_sitenote_active":false,"_monsterinsights_sitenote_note":"","_monsterinsights_sitenote_category":0,"jetpack_post_was_ever_published":false,"_jetpack_newsletter_access":"","_jetpack_dont_email_post_to_subs":false,"_jetpack_newsletter_tier_id":0,"_jetpack_memberships_contains_paywalled_content":false,"_jetpack_memberships_contains_paid_content":false,"footnotes":"","jetpack_publicize_message":"","jetpack_publicize_feature_enabled":true,"jetpack_social_post_already_shared":true,"jetpack_social_options":{"image_generator_settings":{"template":"highway","enabled":false},"version":2}},"categories":[246,357],"tags":[282,384,381,106,109,584,222,583,509,382,582,534,521,522],"class_list":["post-1904","post","type-post","status-publish","format-standard","has-post-thumbnail","hentry","category-gramatica","category-videos","tag-aprender-espanol","tag-espagnol","tag-espanhol","tag-espanol","tag-futuro","tag-futurosimple","tag-gramatica-espanol","tag-profedeele","tag-spanisch","tag-spanish","tag-spanishteacher","tag-study","tag-teacher","tag-to-learn-spanish"],"jetpack_publicize_connections":[],"jetpack_featured_media_url":"https:\/\/i0.wp.com\/www.espanolsi.com\/wp-content\/uploads\/2019\/01\/BOLA-DE-CRISTAL-2.png?fit=1200%2C642&ssl=1","jetpack_sharing_enabled":true,"jetpack_shortlink":"https:\/\/wp.me\/p9pq5s-uI","jetpack_likes_enabled":true,"jetpack-related-posts":[],"_links":{"self":[{"href":"https:\/\/www.espanolsi.com\/pb\/wp-json\/wp\/v2\/posts\/1904","targetHints":{"allow":["GET"]}}],"collection":[{"href":"https:\/\/www.espanolsi.com\/pb\/wp-json\/wp\/v2\/posts"}],"about":[{"href":"https:\/\/www.espanolsi.com\/pb\/wp-json\/wp\/v2\/types\/post"}],"author":[{"embeddable":true,"href":"https:\/\/www.espanolsi.com\/pb\/wp-json\/wp\/v2\/users\/1"}],"replies":[{"embeddable":true,"href":"https:\/\/www.espanolsi.com\/pb\/wp-json\/wp\/v2\/comments?post=1904"}],"version-history":[{"count":14,"href":"https:\/\/www.espanolsi.com\/pb\/wp-json\/wp\/v2\/posts\/1904\/revisions"}],"predecessor-version":[{"id":1936,"href":"https:\/\/www.espanolsi.com\/pb\/wp-json\/wp\/v2\/posts\/1904\/revisions\/1936"}],"wp:featuredmedia":[{"embeddable":true,"href":"https:\/\/www.espanolsi.com\/pb\/wp-json\/wp\/v2\/media\/1930"}],"wp:attachment":[{"href":"https:\/\/www.espanolsi.com\/pb\/wp-json\/wp\/v2\/media?parent=1904"}],"wp:term":[{"taxonomy":"category","embeddable":true,"href":"https:\/\/www.espanolsi.com\/pb\/wp-json\/wp\/v2\/categories?post=1904"},{"taxonomy":"post_tag","embeddable":true,"href":"https:\/\/www.espanolsi.com\/pb\/wp-json\/wp\/v2\/tags?post=1904"}],"curies":[{"name":"wp","href":"https:\/\/api.w.org\/{rel}","templated":true}]}}