{"id":2169,"date":"2020-03-04T17:40:51","date_gmt":"2020-03-04T20:40:51","guid":{"rendered":"https:\/\/www.espanolsi.com\/?p=2169"},"modified":"2020-07-30T18:20:26","modified_gmt":"2020-07-30T21:20:26","slug":"voy-o-me-voy","status":"publish","type":"post","link":"https:\/\/www.espanolsi.com\/pb\/voy-o-me-voy\/","title":{"rendered":"\u00bfVoy o me voy?"},"content":{"rendered":"<p style=\"text-align: center;\"><span style=\"font-size: 14pt;\"> \u00bfCrees que es lo mismo decir \u00abme voy\u00bb y \u00abvoy\u00bb?<\/span><br \/>\n<span style=\"font-size: 14pt;\">No, no lo es.<\/span><\/p>\n<p><span style=\"font-size: 14pt;\">Al usar \u00abvoy\u00bb expresamos desplazamiento hacia alg\u00fan punto:<\/span><\/p>\n<p><span style=\"font-size: 14pt;\">Ejemplos:<a href=\"https:\/\/i0.wp.com\/www.espanolsi.com\/wp-content\/uploads\/2020\/02\/shopping-3225130_640.png?ssl=1\" data-rel=\"lightbox-image-0\" data-rl_title=\"\" data-rl_caption=\"\" title=\"\"><img data-recalc-dims=\"1\" loading=\"lazy\" decoding=\"async\" data-attachment-id=\"2201\" data-permalink=\"https:\/\/www.espanolsi.com\/pb\/voy-o-me-voy\/shopping-3225130_640\/\" data-orig-file=\"https:\/\/i0.wp.com\/www.espanolsi.com\/wp-content\/uploads\/2020\/02\/shopping-3225130_640.png?fit=640%2C442&amp;ssl=1\" data-orig-size=\"640,442\" data-comments-opened=\"1\" data-image-meta=\"{&quot;aperture&quot;:&quot;0&quot;,&quot;credit&quot;:&quot;&quot;,&quot;camera&quot;:&quot;&quot;,&quot;caption&quot;:&quot;&quot;,&quot;created_timestamp&quot;:&quot;0&quot;,&quot;copyright&quot;:&quot;&quot;,&quot;focal_length&quot;:&quot;0&quot;,&quot;iso&quot;:&quot;0&quot;,&quot;shutter_speed&quot;:&quot;0&quot;,&quot;title&quot;:&quot;&quot;,&quot;orientation&quot;:&quot;0&quot;}\" data-image-title=\"shopping-3225130_640\" data-image-description=\"\" data-image-caption=\"\" data-medium-file=\"https:\/\/i0.wp.com\/www.espanolsi.com\/wp-content\/uploads\/2020\/02\/shopping-3225130_640.png?fit=300%2C207&amp;ssl=1\" data-large-file=\"https:\/\/i0.wp.com\/www.espanolsi.com\/wp-content\/uploads\/2020\/02\/shopping-3225130_640.png?fit=640%2C442&amp;ssl=1\" class=\"alignright wp-image-2201\" src=\"https:\/\/i0.wp.com\/www.espanolsi.com\/wp-content\/uploads\/2020\/02\/shopping-3225130_640.png?resize=355%2C240&#038;ssl=1\" alt=\"\" width=\"355\" height=\"240\" \/><\/a><\/span><\/p>\n<p><span style=\"font-size: 12pt;\"><div class=\"compact_audio_player_wrapper\"><div class=\"sc_player_container1\"><input type=\"button\" id=\"btnplay_69f10f05aa6d85.16350928\" class=\"myButton_play\" onClick=\"play_mp3('play','69f10f05aa6d85.16350928','https:\/\/www.espanolsi.com\/wp-content\/uploads\/2020\/02\/Voy-al-supermercado1.mp3','80','false');show_hide('play','69f10f05aa6d85.16350928');\" \/><input type=\"button\"  id=\"btnstop_69f10f05aa6d85.16350928\" style=\"display:none\" class=\"myButton_stop\" onClick=\"play_mp3('stop','69f10f05aa6d85.16350928','','80','false');show_hide('stop','69f10f05aa6d85.16350928');\" \/><div id=\"sm2-container\"><!-- flash movie ends up here --><\/div><\/div><\/div><\/span> <span style=\"font-size: 14pt;\">Voy al supermercado hoy por la tarde.<\/span><\/p>\n<p><span style=\"font-size: 12pt;\"><div class=\"compact_audio_player_wrapper\"><div class=\"sc_player_container1\"><input type=\"button\" id=\"btnplay_69f10f05b20716.49566450\" class=\"myButton_play\" onClick=\"play_mp3('play','69f10f05b20716.49566450','https:\/\/www.espanolsi.com\/wp-content\/uploads\/2020\/02\/Voy-al-cine-2.mp3','80','false');show_hide('play','69f10f05b20716.49566450');\" \/><input type=\"button\"  id=\"btnstop_69f10f05b20716.49566450\" style=\"display:none\" class=\"myButton_stop\" onClick=\"play_mp3('stop','69f10f05b20716.49566450','','80','false');show_hide('stop','69f10f05b20716.49566450');\" \/><div id=\"sm2-container\"><!-- flash movie ends up here --><\/div><\/div><\/div><\/span> <span style=\"font-size: 14pt;\">Voy al cine despu\u00e9s de la clase.<\/span><\/p>\n<p><span style=\"font-size: 12pt;\"><div class=\"compact_audio_player_wrapper\"><div class=\"sc_player_container1\"><input type=\"button\" id=\"btnplay_69f10f05b97266.79848437\" class=\"myButton_play\" onClick=\"play_mp3('play','69f10f05b97266.79848437','https:\/\/www.espanolsi.com\/wp-content\/uploads\/2020\/02\/Voy-a-salir-este-fin-de-semana-3.mp3','80','false');show_hide('play','69f10f05b97266.79848437');\" \/><input type=\"button\"  id=\"btnstop_69f10f05b97266.79848437\" style=\"display:none\" class=\"myButton_stop\" onClick=\"play_mp3('stop','69f10f05b97266.79848437','','80','false');show_hide('stop','69f10f05b97266.79848437');\" \/><div id=\"sm2-container\"><!-- flash movie ends up here --><\/div><\/div><\/div> <\/span><span style=\"font-size: 14pt;\">Voy a salir este fin de semana.<\/span><\/p>\n<p><span style=\"font-size: 12pt;\"><div class=\"compact_audio_player_wrapper\"><div class=\"sc_player_container1\"><input type=\"button\" id=\"btnplay_69f10f05c01677.84635265\" class=\"myButton_play\" onClick=\"play_mp3('play','69f10f05c01677.84635265','https:\/\/www.espanolsi.com\/wp-content\/uploads\/2020\/02\/Todav\u00eda-no-s\u00e9-si-voy-a-la-fiesta-de-Charo-4.mp3','80','false');show_hide('play','69f10f05c01677.84635265');\" \/><input type=\"button\"  id=\"btnstop_69f10f05c01677.84635265\" style=\"display:none\" class=\"myButton_stop\" onClick=\"play_mp3('stop','69f10f05c01677.84635265','','80','false');show_hide('stop','69f10f05c01677.84635265');\" \/><div id=\"sm2-container\"><!-- flash movie ends up here --><\/div><\/div><\/div><\/span> <span style=\"font-size: 14pt;\">Todav\u00eda no s\u00e9 si voy a la fiesta de Charo.<\/span><\/p>\n<p>&nbsp;<\/p>\n<p><span style=\"font-size: 14pt;\">Antes de seguir con la explicaci\u00f3n vamos a ver la conjugaci\u00f3n del verbo ir:<\/span><\/p>\n<p><a href=\"https:\/\/i0.wp.com\/www.espanolsi.com\/wp-content\/uploads\/2020\/02\/Verbo-ir-conjugado.png?ssl=1\" data-rel=\"lightbox-image-1\" data-rl_title=\"\" data-rl_caption=\"\" title=\"\"><img data-recalc-dims=\"1\" loading=\"lazy\" decoding=\"async\" data-attachment-id=\"2204\" data-permalink=\"https:\/\/www.espanolsi.com\/pb\/voy-o-me-voy\/verbo-ir-conjugado\/\" data-orig-file=\"https:\/\/i0.wp.com\/www.espanolsi.com\/wp-content\/uploads\/2020\/02\/Verbo-ir-conjugado.png?fit=420%2C365&amp;ssl=1\" data-orig-size=\"420,365\" data-comments-opened=\"1\" data-image-meta=\"{&quot;aperture&quot;:&quot;0&quot;,&quot;credit&quot;:&quot;&quot;,&quot;camera&quot;:&quot;&quot;,&quot;caption&quot;:&quot;&quot;,&quot;created_timestamp&quot;:&quot;0&quot;,&quot;copyright&quot;:&quot;&quot;,&quot;focal_length&quot;:&quot;0&quot;,&quot;iso&quot;:&quot;0&quot;,&quot;shutter_speed&quot;:&quot;0&quot;,&quot;title&quot;:&quot;&quot;,&quot;orientation&quot;:&quot;0&quot;}\" data-image-title=\"Verbo ir conjugado\" data-image-description=\"&lt;p&gt;Verbo ir conjugado&lt;\/p&gt;\n\" data-image-caption=\"\" data-medium-file=\"https:\/\/i0.wp.com\/www.espanolsi.com\/wp-content\/uploads\/2020\/02\/Verbo-ir-conjugado.png?fit=300%2C261&amp;ssl=1\" data-large-file=\"https:\/\/i0.wp.com\/www.espanolsi.com\/wp-content\/uploads\/2020\/02\/Verbo-ir-conjugado.png?fit=420%2C365&amp;ssl=1\" class=\" wp-image-2204 aligncenter\" src=\"https:\/\/i0.wp.com\/www.espanolsi.com\/wp-content\/uploads\/2020\/02\/Verbo-ir-conjugado.png?resize=347%2C295&#038;ssl=1\" alt=\"Verbo ir conjugado\" width=\"347\" height=\"295\" \/><\/a><\/p>\n<p><span style=\"font-size: 14pt;\">Ejemplos:<\/span><\/p>\n<p><span style=\"font-size: 12pt;\"><div class=\"compact_audio_player_wrapper\"><div class=\"sc_player_container1\"><input type=\"button\" id=\"btnplay_69f10f05c78ac9.17339953\" class=\"myButton_play\" onClick=\"play_mp3('play','69f10f05c78ac9.17339953','https:\/\/www.espanolsi.com\/wp-content\/uploads\/2020\/02\/Vas-a-la-casa-de-\u00cd\u00f1igo-5.mp3','80','false');show_hide('play','69f10f05c78ac9.17339953');\" \/><input type=\"button\"  id=\"btnstop_69f10f05c78ac9.17339953\" style=\"display:none\" class=\"myButton_stop\" onClick=\"play_mp3('stop','69f10f05c78ac9.17339953','','80','false');show_hide('stop','69f10f05c78ac9.17339953');\" \/><div id=\"sm2-container\"><!-- flash movie ends up here --><\/div><\/div><\/div><\/span> <span style=\"font-size: 14pt;\">\u00bfVas a la casa de \u00cd\u00f1igo?<\/span><\/p>\n<p><span style=\"font-size: 12pt;\"><div class=\"compact_audio_player_wrapper\"><div class=\"sc_player_container1\"><input type=\"button\" id=\"btnplay_69f10f05cefda6.86035111\" class=\"myButton_play\" onClick=\"play_mp3('play','69f10f05cefda6.86035111','https:\/\/www.espanolsi.com\/wp-content\/uploads\/2020\/02\/Juan-va-a-visitar-a-su-abuela-que-est\u00e1-enferma-6.mp3','80','false');show_hide('play','69f10f05cefda6.86035111');\" \/><input type=\"button\"  id=\"btnstop_69f10f05cefda6.86035111\" style=\"display:none\" class=\"myButton_stop\" onClick=\"play_mp3('stop','69f10f05cefda6.86035111','','80','false');show_hide('stop','69f10f05cefda6.86035111');\" \/><div id=\"sm2-container\"><!-- flash movie ends up here --><\/div><\/div><\/div><\/span> <span style=\"font-size: 14pt;\">Juan va a visitar a su abuela que est\u00e1 enferma.<\/span><\/p>\n<p><span style=\"font-size: 12pt;\"><div class=\"compact_audio_player_wrapper\"><div class=\"sc_player_container1\"><input type=\"button\" id=\"btnplay_69f10f05d57389.29206204\" class=\"myButton_play\" onClick=\"play_mp3('play','69f10f05d57389.29206204','https:\/\/www.espanolsi.com\/wp-content\/uploads\/2020\/02\/Ana-y-Roc\u00edo-van-al-teatro-7.mp3','80','false');show_hide('play','69f10f05d57389.29206204');\" \/><input type=\"button\"  id=\"btnstop_69f10f05d57389.29206204\" style=\"display:none\" class=\"myButton_stop\" onClick=\"play_mp3('stop','69f10f05d57389.29206204','','80','false');show_hide('stop','69f10f05d57389.29206204');\" \/><div id=\"sm2-container\"><!-- flash movie ends up here --><\/div><\/div><\/div><\/span> <span style=\"font-size: 14pt;\">Ana y Roc\u00edo van al teatro.<\/span><\/p>\n<p><span style=\"font-size: 12pt;\"><div class=\"compact_audio_player_wrapper\"><div class=\"sc_player_container1\"><input type=\"button\" id=\"btnplay_69f10f05dcefe5.04924405\" class=\"myButton_play\" onClick=\"play_mp3('play','69f10f05dcefe5.04924405','https:\/\/www.espanolsi.com\/wp-content\/uploads\/2020\/02\/Vais-a-la-fiesta-de-Pedrito-8.mp3','80','false');show_hide('play','69f10f05dcefe5.04924405');\" \/><input type=\"button\"  id=\"btnstop_69f10f05dcefe5.04924405\" style=\"display:none\" class=\"myButton_stop\" onClick=\"play_mp3('stop','69f10f05dcefe5.04924405','','80','false');show_hide('stop','69f10f05dcefe5.04924405');\" \/><div id=\"sm2-container\"><!-- flash movie ends up here --><\/div><\/div><\/div><\/span> <span style=\"font-size: 14pt;\">\u00bfVais a la fiesta de Pedrito?<\/span><\/p>\n<p><span style=\"font-size: 14pt;\">Al utilizar \u00abme voy\u00bb damos \u00e9nfasis al hecho de que abandonamos\/nos retiramos del lugar en que nos encontramos (como una despedida).<\/span><\/p>\n<p><span style=\"font-size: 14pt;\"><a href=\"https:\/\/i0.wp.com\/www.espanolsi.com\/wp-content\/uploads\/2020\/02\/adi%C3%B3s-cerebro.png?ssl=1\" data-rel=\"lightbox-image-2\" data-rl_title=\"\" data-rl_caption=\"\" title=\"\"><img data-recalc-dims=\"1\" loading=\"lazy\" decoding=\"async\" data-attachment-id=\"2173\" data-permalink=\"https:\/\/www.espanolsi.com\/pb\/voy-o-me-voy\/adios-cerebro\/\" data-orig-file=\"https:\/\/i0.wp.com\/www.espanolsi.com\/wp-content\/uploads\/2020\/02\/adi%C3%B3s-cerebro.png?fit=343%2C284&amp;ssl=1\" data-orig-size=\"343,284\" data-comments-opened=\"1\" data-image-meta=\"{&quot;aperture&quot;:&quot;0&quot;,&quot;credit&quot;:&quot;&quot;,&quot;camera&quot;:&quot;&quot;,&quot;caption&quot;:&quot;&quot;,&quot;created_timestamp&quot;:&quot;0&quot;,&quot;copyright&quot;:&quot;&quot;,&quot;focal_length&quot;:&quot;0&quot;,&quot;iso&quot;:&quot;0&quot;,&quot;shutter_speed&quot;:&quot;0&quot;,&quot;title&quot;:&quot;&quot;,&quot;orientation&quot;:&quot;0&quot;}\" data-image-title=\"adi\u00f3s-cerebro\" data-image-description=\"\" data-image-caption=\"\" data-medium-file=\"https:\/\/i0.wp.com\/www.espanolsi.com\/wp-content\/uploads\/2020\/02\/adi%C3%B3s-cerebro.png?fit=300%2C248&amp;ssl=1\" data-large-file=\"https:\/\/i0.wp.com\/www.espanolsi.com\/wp-content\/uploads\/2020\/02\/adi%C3%B3s-cerebro.png?fit=343%2C284&amp;ssl=1\" class=\"size-full wp-image-2173 alignleft\" src=\"https:\/\/i0.wp.com\/www.espanolsi.com\/wp-content\/uploads\/2020\/02\/adi%C3%B3s-cerebro.png?resize=343%2C284&#038;ssl=1\" alt=\"adi\u00f3s-cerebro\" width=\"343\" height=\"284\" srcset=\"https:\/\/i0.wp.com\/www.espanolsi.com\/wp-content\/uploads\/2020\/02\/adi%C3%B3s-cerebro.png?w=343&amp;ssl=1 343w, https:\/\/i0.wp.com\/www.espanolsi.com\/wp-content\/uploads\/2020\/02\/adi%C3%B3s-cerebro.png?resize=300%2C248&amp;ssl=1 300w\" sizes=\"auto, (max-width: 343px) 100vw, 343px\" \/><\/a><\/span><\/p>\n<p><span style=\"font-size: 14pt;\">Ejemplos:<\/span><\/p>\n<p><span style=\"font-size: 12pt;\"><div class=\"compact_audio_player_wrapper\"><div class=\"sc_player_container1\"><input type=\"button\" id=\"btnplay_69f10f05e45bf1.57819683\" class=\"myButton_play\" onClick=\"play_mp3('play','69f10f05e45bf1.57819683','https:\/\/www.espanolsi.com\/wp-content\/uploads\/2020\/02\/Me-voy-ya-son-las-doce-9.mp3','80','false');show_hide('play','69f10f05e45bf1.57819683');\" \/><input type=\"button\"  id=\"btnstop_69f10f05e45bf1.57819683\" style=\"display:none\" class=\"myButton_stop\" onClick=\"play_mp3('stop','69f10f05e45bf1.57819683','','80','false');show_hide('stop','69f10f05e45bf1.57819683');\" \/><div id=\"sm2-container\"><!-- flash movie ends up here --><\/div><\/div><\/div><\/span> <span style=\"font-size: 14pt;\">Me voy, ya son las doce.<\/span><\/p>\n<p><span style=\"font-size: 12pt;\"><div class=\"compact_audio_player_wrapper\"><div class=\"sc_player_container1\"><input type=\"button\" id=\"btnplay_69f10f05ec1661.17542210\" class=\"myButton_play\" onClick=\"play_mp3('play','69f10f05ec1661.17542210','https:\/\/www.espanolsi.com\/wp-content\/uploads\/2020\/02\/Ma\u00f1ana-tengo-que-levantarme-temprano-10.mp3','80','false');show_hide('play','69f10f05ec1661.17542210');\" \/><input type=\"button\"  id=\"btnstop_69f10f05ec1661.17542210\" style=\"display:none\" class=\"myButton_stop\" onClick=\"play_mp3('stop','69f10f05ec1661.17542210','','80','false');show_hide('stop','69f10f05ec1661.17542210');\" \/><div id=\"sm2-container\"><!-- flash movie ends up here --><\/div><\/div><\/div><\/span> <span style=\"font-size: 14pt;\">Ma\u00f1ana tengo que levantarme temprano. \u00a1Me voy!<\/span><\/p>\n<p><span style=\"font-size: 12pt;\"><div class=\"compact_audio_player_wrapper\"><div class=\"sc_player_container1\"><input type=\"button\" id=\"btnplay_69f10f05f40603.09273959\" class=\"myButton_play\" onClick=\"play_mp3('play','69f10f05f40603.09273959','https:\/\/www.espanolsi.com\/wp-content\/uploads\/2020\/02\/Me-voy-de-Brasil-el-mes-que-viene-11.mp3','80','false');show_hide('play','69f10f05f40603.09273959');\" \/><input type=\"button\"  id=\"btnstop_69f10f05f40603.09273959\" style=\"display:none\" class=\"myButton_stop\" onClick=\"play_mp3('stop','69f10f05f40603.09273959','','80','false');show_hide('stop','69f10f05f40603.09273959');\" \/><div id=\"sm2-container\"><!-- flash movie ends up here --><\/div><\/div><\/div><\/span> <span style=\"font-size: 14pt;\">Me voy de Brasil el mes que viene. Voy a vivir en Francia.<\/span><\/p>\n<p><span style=\"font-size: 12pt;\"><div class=\"compact_audio_player_wrapper\"><div class=\"sc_player_container1\"><input type=\"button\" id=\"btnplay_69f10f06074d04.26385234\" class=\"myButton_play\" onClick=\"play_mp3('play','69f10f06074d04.26385234','https:\/\/www.espanolsi.com\/wp-content\/uploads\/2020\/02\/Estoy-cansado-me-voy-a-casa-12.mp3','80','false');show_hide('play','69f10f06074d04.26385234');\" \/><input type=\"button\"  id=\"btnstop_69f10f06074d04.26385234\" style=\"display:none\" class=\"myButton_stop\" onClick=\"play_mp3('stop','69f10f06074d04.26385234','','80','false');show_hide('stop','69f10f06074d04.26385234');\" \/><div id=\"sm2-container\"><!-- flash movie ends up here --><\/div><\/div><\/div><\/span> <span style=\"font-size: 14pt;\">Estoy cansado, me voy a casa.<\/span><\/p>\n<p>&nbsp;<\/p>\n<p><span style=\"font-size: 14pt;\">Ahora vamos a ver la conjugaci\u00f3n del verbo irse:<\/span><\/p>\n<p><a href=\"https:\/\/i0.wp.com\/www.espanolsi.com\/wp-content\/uploads\/2020\/02\/verbo-irse.png?ssl=1\" data-rel=\"lightbox-image-3\" data-rl_title=\"\" data-rl_caption=\"\" title=\"\"><img data-recalc-dims=\"1\" loading=\"lazy\" decoding=\"async\" data-attachment-id=\"2206\" data-permalink=\"https:\/\/www.espanolsi.com\/pb\/voy-o-me-voy\/verbo-irse\/\" data-orig-file=\"https:\/\/i0.wp.com\/www.espanolsi.com\/wp-content\/uploads\/2020\/02\/verbo-irse.png?fit=468%2C365&amp;ssl=1\" data-orig-size=\"468,365\" data-comments-opened=\"1\" data-image-meta=\"{&quot;aperture&quot;:&quot;0&quot;,&quot;credit&quot;:&quot;&quot;,&quot;camera&quot;:&quot;&quot;,&quot;caption&quot;:&quot;&quot;,&quot;created_timestamp&quot;:&quot;0&quot;,&quot;copyright&quot;:&quot;&quot;,&quot;focal_length&quot;:&quot;0&quot;,&quot;iso&quot;:&quot;0&quot;,&quot;shutter_speed&quot;:&quot;0&quot;,&quot;title&quot;:&quot;&quot;,&quot;orientation&quot;:&quot;0&quot;}\" data-image-title=\"verbo irse\" data-image-description=\"&lt;p&gt;verbo irse&lt;\/p&gt;\n\" data-image-caption=\"\" data-medium-file=\"https:\/\/i0.wp.com\/www.espanolsi.com\/wp-content\/uploads\/2020\/02\/verbo-irse.png?fit=300%2C234&amp;ssl=1\" data-large-file=\"https:\/\/i0.wp.com\/www.espanolsi.com\/wp-content\/uploads\/2020\/02\/verbo-irse.png?fit=468%2C365&amp;ssl=1\" class=\" wp-image-2206 aligncenter\" src=\"https:\/\/i0.wp.com\/www.espanolsi.com\/wp-content\/uploads\/2020\/02\/verbo-irse.png?resize=371%2C298&#038;ssl=1\" alt=\"verbo irse\" width=\"371\" height=\"298\" \/><\/a><\/p>\n<p><span style=\"font-size: 14pt;\">Ejemplos:<\/span><\/p>\n<p><span style=\"font-size: 14pt;\"><a href=\"https:\/\/i0.wp.com\/www.espanolsi.com\/wp-content\/uploads\/2020\/02\/adi%C3%B3s.png?ssl=1\" data-rel=\"lightbox-image-4\" data-rl_title=\"\" data-rl_caption=\"\" title=\"\"><img data-recalc-dims=\"1\" loading=\"lazy\" decoding=\"async\" data-attachment-id=\"2197\" data-permalink=\"https:\/\/www.espanolsi.com\/pb\/voy-o-me-voy\/adios-2\/\" data-orig-file=\"https:\/\/i0.wp.com\/www.espanolsi.com\/wp-content\/uploads\/2020\/02\/adi%C3%B3s.png?fit=370%2C387&amp;ssl=1\" data-orig-size=\"370,387\" data-comments-opened=\"1\" data-image-meta=\"{&quot;aperture&quot;:&quot;0&quot;,&quot;credit&quot;:&quot;&quot;,&quot;camera&quot;:&quot;&quot;,&quot;caption&quot;:&quot;&quot;,&quot;created_timestamp&quot;:&quot;0&quot;,&quot;copyright&quot;:&quot;&quot;,&quot;focal_length&quot;:&quot;0&quot;,&quot;iso&quot;:&quot;0&quot;,&quot;shutter_speed&quot;:&quot;0&quot;,&quot;title&quot;:&quot;&quot;,&quot;orientation&quot;:&quot;0&quot;}\" data-image-title=\"ADI\u00d3S\" data-image-description=\"&lt;p&gt;ADI\u00d3S&lt;\/p&gt;\n\" data-image-caption=\"\" data-medium-file=\"https:\/\/i0.wp.com\/www.espanolsi.com\/wp-content\/uploads\/2020\/02\/adi%C3%B3s.png?fit=287%2C300&amp;ssl=1\" data-large-file=\"https:\/\/i0.wp.com\/www.espanolsi.com\/wp-content\/uploads\/2020\/02\/adi%C3%B3s.png?fit=370%2C387&amp;ssl=1\" class=\"alignright wp-image-2197\" src=\"https:\/\/i0.wp.com\/www.espanolsi.com\/wp-content\/uploads\/2020\/02\/adi%C3%B3s.png?resize=234%2C244&#038;ssl=1\" alt=\"ADI\u00d3S\" width=\"234\" height=\"244\" srcset=\"https:\/\/i0.wp.com\/www.espanolsi.com\/wp-content\/uploads\/2020\/02\/adi%C3%B3s.png?w=370&amp;ssl=1 370w, https:\/\/i0.wp.com\/www.espanolsi.com\/wp-content\/uploads\/2020\/02\/adi%C3%B3s.png?resize=287%2C300&amp;ssl=1 287w\" sizes=\"auto, (max-width: 234px) 100vw, 234px\" \/><\/a><span style=\"font-size: 12pt;\"><div class=\"compact_audio_player_wrapper\"><div class=\"sc_player_container1\"><input type=\"button\" id=\"btnplay_69f10f060e4733.49780806\" class=\"myButton_play\" onClick=\"play_mp3('play','69f10f060e4733.49780806','https:\/\/www.espanolsi.com\/wp-content\/uploads\/2020\/02\/Juan-se-va-de-la-casa-de-sus-pap\u00e1s-14.mp3','80','false');show_hide('play','69f10f060e4733.49780806');\" \/><input type=\"button\"  id=\"btnstop_69f10f060e4733.49780806\" style=\"display:none\" class=\"myButton_stop\" onClick=\"play_mp3('stop','69f10f060e4733.49780806','','80','false');show_hide('stop','69f10f060e4733.49780806');\" \/><div id=\"sm2-container\"><!-- flash movie ends up here --><\/div><\/div><\/div> <span style=\"font-size: 14pt;\">Juan se va de la casa de sus pap\u00e1s.<\/span><\/span><\/span><\/p>\n<p><span style=\"font-size: 12pt;\"><div class=\"compact_audio_player_wrapper\"><div class=\"sc_player_container1\"><input type=\"button\" id=\"btnplay_69f10f06164fe0.64347825\" class=\"myButton_play\" onClick=\"play_mp3('play','69f10f06164fe0.64347825','https:\/\/www.espanolsi.com\/wp-content\/uploads\/2020\/02\/Dec\u00eddete-te-vas-o-te-quedas-15.mp3','80','false');show_hide('play','69f10f06164fe0.64347825');\" \/><input type=\"button\"  id=\"btnstop_69f10f06164fe0.64347825\" style=\"display:none\" class=\"myButton_stop\" onClick=\"play_mp3('stop','69f10f06164fe0.64347825','','80','false');show_hide('stop','69f10f06164fe0.64347825');\" \/><div id=\"sm2-container\"><!-- flash movie ends up here --><\/div><\/div><\/div> <\/span><span style=\"font-size: 14pt;\">Dec\u00eddete \u00bfte vas o te quedas?<\/span><\/p>\n<p><span style=\"font-size: 12pt;\"><div class=\"compact_audio_player_wrapper\"><div class=\"sc_player_container1\"><input type=\"button\" id=\"btnplay_69f10f061cca49.62457250\" class=\"myButton_play\" onClick=\"play_mp3('play','69f10f061cca49.62457250','https:\/\/www.espanolsi.com\/wp-content\/uploads\/2020\/02\/Nos-vamos-de-Erasmus-a-Suiza-16.mp3','80','false');show_hide('play','69f10f061cca49.62457250');\" \/><input type=\"button\"  id=\"btnstop_69f10f061cca49.62457250\" style=\"display:none\" class=\"myButton_stop\" onClick=\"play_mp3('stop','69f10f061cca49.62457250','','80','false');show_hide('stop','69f10f061cca49.62457250');\" \/><div id=\"sm2-container\"><!-- flash movie ends up here --><\/div><\/div><\/div><\/span> <span style=\"font-size: 14pt;\">Nos vamos de Erasmus a Suiza.<\/span><\/p>\n<p><span style=\"font-size: 12pt;\"><div class=\"compact_audio_player_wrapper\"><div class=\"sc_player_container1\"><input type=\"button\" id=\"btnplay_69f10f0624a871.78390695\" class=\"myButton_play\" onClick=\"play_mp3('play','69f10f0624a871.78390695','https:\/\/www.espanolsi.com\/wp-content\/uploads\/2020\/02\/Por-qu\u00e9-se-van-tan-temprano-17.mp3','80','false');show_hide('play','69f10f0624a871.78390695');\" \/><input type=\"button\"  id=\"btnstop_69f10f0624a871.78390695\" style=\"display:none\" class=\"myButton_stop\" onClick=\"play_mp3('stop','69f10f0624a871.78390695','','80','false');show_hide('stop','69f10f0624a871.78390695');\" \/><div id=\"sm2-container\"><!-- flash movie ends up here --><\/div><\/div><\/div><\/span> <span style=\"font-size: 14pt;\">\u00bfPor qu\u00e9 se van tan temprano?<\/span><\/p>\n<p><span style=\"font-size: 14pt;\">Antes de seguir, abajo te dejo el enlace de dos libros para ayudarte a sacer el DELE.<\/span><\/p>\n<p><a href=\"https:\/\/amzn.to\/3hRoSWX\"><img loading=\"lazy\" decoding=\"async\" class=\"alignleft \" src=\"https:\/\/m.media-amazon.com\/images\/I\/51t1wtIlAHL.jpg\" width=\"115\" height=\"151\" \/><\/a><\/p>\n<p><a class=\"\" href=\"https:\/\/amzn.to\/3hRoSWX\" target=\"_blank\" rel=\"noopener noreferrer\">Nuevo DELE A2: Versi\u00f3n 2020. Preparaci\u00f3n para el examen. Modelos de examen DELE A2<\/a><\/p>\n<p>&nbsp;<\/p>\n<p>&nbsp;<\/p>\n<p>&nbsp;<\/p>\n<p>&nbsp;<\/p>\n<p>&nbsp;<\/p>\n<p>&nbsp;<\/p>\n<p>&nbsp;<\/p>\n<p>&nbsp;<\/p>\n<p>&nbsp;<\/p>\n<p><span style=\"font-size: 14pt;\">En resumen, usamos <strong><em>voy<\/em><\/strong> para indicar el movimiento hacia un lugar y <strong><em>me voy <\/em><\/strong><em>para hablar de una persona que<\/em> deja\/abandona el lugar donde est\u00e1.<\/span><\/p>\n<p><span style=\"font-size: 14pt;\">En ingl\u00e9s el concepto de <strong><em>voy<\/em><\/strong> y <strong><em>me voy<\/em><\/strong> es el siguiente:<\/span><\/p>\n<p><span style=\"font-size: 14pt;\">Me voy = I leave<\/span><br \/>\n<span style=\"font-size: 14pt;\">Voy = I go<\/span><\/p>\n<p><span style=\"font-size: 14pt;\">En portugu\u00e9s <strong><em>me voy<\/em><\/strong> significa <strong><em>eu vou embora<\/em><\/strong>.<\/span><\/p>\n<p><span style=\"font-size: 14pt;\">En el siguiente v\u00eddeo tambi\u00e9n hablo sobre el uso de \u00abme voy\u00bb y \u00abvoy\u00bb<\/span><\/p>\n<p><iframe loading=\"lazy\" title=\"\u00bfVoy o me voy?\" width=\"640\" height=\"360\" src=\"https:\/\/www.youtube.com\/embed\/4lwe0Qyfksw?feature=oembed\" frameborder=\"0\" allow=\"accelerometer; autoplay; clipboard-write; encrypted-media; gyroscope; picture-in-picture; web-share\" referrerpolicy=\"strict-origin-when-cross-origin\" allowfullscreen><\/iframe><\/p>\n<p>&nbsp;<\/p>\n<p>&nbsp;<\/p>\n<p>Im\u00e1genes de:<\/p>\n<p>freepik.com<\/p>\n<p>Imagem de &lt;a href=&#8221;https:\/\/pixabay.com\/pt\/users\/burhankhawaja-2755405\/?utm_source=link-attribution&amp;amp;utm_medium=referral&amp;amp;utm_campaign=image&amp;amp;utm_content=3225130&#8243;&gt;Burhan Khawaja&lt;\/a&gt; por &lt;a href=&#8221;https:\/\/pixabay.com\/pt\/?utm_source=link-attribution&amp;amp;utm_medium=referral&amp;amp;utm_campaign=image&amp;amp;utm_content=3225130&#8243;&gt;Pixabay&lt;\/a&gt;<\/p>\n<p>&nbsp;","protected":false},"excerpt":{"rendered":"<p>\u00bfCrees que es lo mismo decir \u00abme voy\u00bb y \u00abvoy\u00bb? No, no lo es. Al usar \u00abvoy\u00bb expresamos desplazamiento hacia alg\u00fan punto: Ejemplos: Voy al supermercado hoy por la tarde. Voy al cine despu\u00e9s de la clase. Voy a salir este fin de semana. Todav\u00eda no s\u00e9 si voy a la fiesta de Charo. &nbsp; [&hellip;]<\/p>\n","protected":false},"author":1,"featured_media":2172,"comment_status":"open","ping_status":"open","sticky":false,"template":"","format":"standard","meta":{"_monsterinsights_skip_tracking":false,"_monsterinsights_sitenote_active":false,"_monsterinsights_sitenote_note":"","_monsterinsights_sitenote_category":0,"jetpack_post_was_ever_published":false,"_jetpack_newsletter_access":"","_jetpack_dont_email_post_to_subs":false,"_jetpack_newsletter_tier_id":0,"_jetpack_memberships_contains_paywalled_content":false,"_jetpack_memberships_contains_paid_content":false,"footnotes":"","jetpack_publicize_message":"","jetpack_publicize_feature_enabled":true,"jetpack_social_post_already_shared":true,"jetpack_social_options":{"image_generator_settings":{"template":"highway","enabled":false},"version":2}},"categories":[292,246],"tags":[381,106,583,617,382,522,615,616],"class_list":["post-2169","post","type-post","status-publish","format-standard","has-post-thumbnail","hentry","category-comprension-auditiva","category-gramatica","tag-espanhol","tag-espanol","tag-profedeele","tag-profedelengua","tag-spanish","tag-to-learn-spanish","tag-voy","tag-voy-o-me-voy"],"jetpack_publicize_connections":[],"jetpack_featured_media_url":"https:\/\/i0.wp.com\/www.espanolsi.com\/wp-content\/uploads\/2020\/02\/Me-voy-o-voy-miniatura-1.jpg?fit=1459%2C708&ssl=1","jetpack_sharing_enabled":true,"jetpack_shortlink":"https:\/\/wp.me\/p9pq5s-yZ","jetpack_likes_enabled":true,"jetpack-related-posts":[],"_links":{"self":[{"href":"https:\/\/www.espanolsi.com\/pb\/wp-json\/wp\/v2\/posts\/2169","targetHints":{"allow":["GET"]}}],"collection":[{"href":"https:\/\/www.espanolsi.com\/pb\/wp-json\/wp\/v2\/posts"}],"about":[{"href":"https:\/\/www.espanolsi.com\/pb\/wp-json\/wp\/v2\/types\/post"}],"author":[{"embeddable":true,"href":"https:\/\/www.espanolsi.com\/pb\/wp-json\/wp\/v2\/users\/1"}],"replies":[{"embeddable":true,"href":"https:\/\/www.espanolsi.com\/pb\/wp-json\/wp\/v2\/comments?post=2169"}],"version-history":[{"count":25,"href":"https:\/\/www.espanolsi.com\/pb\/wp-json\/wp\/v2\/posts\/2169\/revisions"}],"predecessor-version":[{"id":2517,"href":"https:\/\/www.espanolsi.com\/pb\/wp-json\/wp\/v2\/posts\/2169\/revisions\/2517"}],"wp:featuredmedia":[{"embeddable":true,"href":"https:\/\/www.espanolsi.com\/pb\/wp-json\/wp\/v2\/media\/2172"}],"wp:attachment":[{"href":"https:\/\/www.espanolsi.com\/pb\/wp-json\/wp\/v2\/media?parent=2169"}],"wp:term":[{"taxonomy":"category","embeddable":true,"href":"https:\/\/www.espanolsi.com\/pb\/wp-json\/wp\/v2\/categories?post=2169"},{"taxonomy":"post_tag","embeddable":true,"href":"https:\/\/www.espanolsi.com\/pb\/wp-json\/wp\/v2\/tags?post=2169"}],"curies":[{"name":"wp","href":"https:\/\/api.w.org\/{rel}","templated":true}]}}