{"id":2289,"date":"2020-04-15T16:28:50","date_gmt":"2020-04-15T19:28:50","guid":{"rendered":"https:\/\/www.espanolsi.com\/?p=2289"},"modified":"2020-07-30T17:11:16","modified_gmt":"2020-07-30T20:11:16","slug":"vaya","status":"publish","type":"post","link":"https:\/\/www.espanolsi.com\/pb\/vaya\/","title":{"rendered":"\u00a1Vaya!"},"content":{"rendered":"<p><span style=\"font-size: 14pt;\">Hoy vamos a hablar un poco sobre la palabra \u201cvaya\u201d.<\/span><\/p>\n<p><span style=\"font-size: 14pt;\">\u201c<strong><span style=\"color: #800080;\">Vaya<\/span><\/strong>\u201d es una de las conjugaciones del verbo \u201cir\u201d. Forma la primera y la tercera persona del Presente do Subjuntivo. Ejemplos:<\/span><\/p>\n<div class=\"compact_audio_player_wrapper\"><div class=\"sc_player_container1\"><input type=\"button\" id=\"btnplay_69f0f60b01ff15.68828485\" class=\"myButton_play\" onClick=\"play_mp3('play','69f0f60b01ff15.68828485','https:\/\/www.espanolsi.com\/wp-content\/uploads\/2020\/04\/\u00e1udio-1-verbo-ir.mp3','80','false');show_hide('play','69f0f60b01ff15.68828485');\" \/><input type=\"button\"  id=\"btnstop_69f0f60b01ff15.68828485\" style=\"display:none\" class=\"myButton_stop\" onClick=\"play_mp3('stop','69f0f60b01ff15.68828485','','80','false');show_hide('stop','69f0f60b01ff15.68828485');\" \/><div id=\"sm2-container\"><!-- flash movie ends up here --><\/div><\/div><\/div>\n<p><span style=\"font-size: 14pt;\"><a href=\"https:\/\/i0.wp.com\/www.espanolsi.com\/wp-content\/uploads\/2020\/04\/ir-imagen.png?ssl=1\" data-rel=\"lightbox-image-0\" data-rl_title=\"\" data-rl_caption=\"\" title=\"\"><img data-recalc-dims=\"1\" loading=\"lazy\" decoding=\"async\" data-attachment-id=\"2291\" data-permalink=\"https:\/\/www.espanolsi.com\/pb\/vaya\/ir-imagen\/\" data-orig-file=\"https:\/\/i0.wp.com\/www.espanolsi.com\/wp-content\/uploads\/2020\/04\/ir-imagen.png?fit=444%2C588&amp;ssl=1\" data-orig-size=\"444,588\" data-comments-opened=\"1\" data-image-meta=\"{&quot;aperture&quot;:&quot;0&quot;,&quot;credit&quot;:&quot;&quot;,&quot;camera&quot;:&quot;&quot;,&quot;caption&quot;:&quot;&quot;,&quot;created_timestamp&quot;:&quot;0&quot;,&quot;copyright&quot;:&quot;&quot;,&quot;focal_length&quot;:&quot;0&quot;,&quot;iso&quot;:&quot;0&quot;,&quot;shutter_speed&quot;:&quot;0&quot;,&quot;title&quot;:&quot;&quot;,&quot;orientation&quot;:&quot;0&quot;}\" data-image-title=\"ir-imagen\" data-image-description=\"\" data-image-caption=\"\" data-medium-file=\"https:\/\/i0.wp.com\/www.espanolsi.com\/wp-content\/uploads\/2020\/04\/ir-imagen.png?fit=227%2C300&amp;ssl=1\" data-large-file=\"https:\/\/i0.wp.com\/www.espanolsi.com\/wp-content\/uploads\/2020\/04\/ir-imagen.png?fit=444%2C588&amp;ssl=1\" class=\" wp-image-2291 alignleft\" src=\"https:\/\/i0.wp.com\/www.espanolsi.com\/wp-content\/uploads\/2020\/04\/ir-imagen.png?resize=78%2C102&#038;ssl=1\" alt=\"ir-imagen\" width=\"78\" height=\"102\" srcset=\"https:\/\/i0.wp.com\/www.espanolsi.com\/wp-content\/uploads\/2020\/04\/ir-imagen.png?w=444&amp;ssl=1 444w, https:\/\/i0.wp.com\/www.espanolsi.com\/wp-content\/uploads\/2020\/04\/ir-imagen.png?resize=227%2C300&amp;ssl=1 227w\" sizes=\"auto, (max-width: 78px) 100vw, 78px\" \/><\/a>Espero que Marta <span style=\"color: #800080;\"><strong>vaya<\/strong><\/span> a la oficina hoy.<\/span><\/p>\n<p><span style=\"font-size: 14pt;\">\u00bfTe importa que <strong><span style=\"color: #800080;\">vaya<\/span><\/strong> contigo?<\/span><\/p>\n<p><span style=\"font-size: 14pt;\">Cuando Charo <strong><span style=\"color: #800080;\">vaya<\/span><\/strong> a mi casa, le preparar\u00e9 un rico pastel.<\/span><\/p>\n<p>&nbsp;<\/p>\n<p><a href=\"https:\/\/i0.wp.com\/www.espanolsi.com\/wp-content\/uploads\/2020\/02\/ADI%C3%93S.jpg?ssl=1\" data-rel=\"lightbox-image-1\" data-rl_title=\"\" data-rl_caption=\"\" title=\"\"><img data-recalc-dims=\"1\" loading=\"lazy\" decoding=\"async\" data-attachment-id=\"2195\" data-permalink=\"https:\/\/www.espanolsi.com\/pb\/voy-o-me-voy\/adios\/\" data-orig-file=\"https:\/\/i0.wp.com\/www.espanolsi.com\/wp-content\/uploads\/2020\/02\/ADI%C3%93S.jpg?fit=361%2C383&amp;ssl=1\" data-orig-size=\"361,383\" data-comments-opened=\"1\" data-image-meta=\"{&quot;aperture&quot;:&quot;0&quot;,&quot;credit&quot;:&quot;&quot;,&quot;camera&quot;:&quot;&quot;,&quot;caption&quot;:&quot;&quot;,&quot;created_timestamp&quot;:&quot;0&quot;,&quot;copyright&quot;:&quot;&quot;,&quot;focal_length&quot;:&quot;0&quot;,&quot;iso&quot;:&quot;0&quot;,&quot;shutter_speed&quot;:&quot;0&quot;,&quot;title&quot;:&quot;&quot;,&quot;orientation&quot;:&quot;0&quot;}\" data-image-title=\"ADI\u00d3S\" data-image-description=\"&lt;p&gt;ADI\u00d3S&lt;\/p&gt;\n\" data-image-caption=\"\" data-medium-file=\"https:\/\/i0.wp.com\/www.espanolsi.com\/wp-content\/uploads\/2020\/02\/ADI%C3%93S.jpg?fit=283%2C300&amp;ssl=1\" data-large-file=\"https:\/\/i0.wp.com\/www.espanolsi.com\/wp-content\/uploads\/2020\/02\/ADI%C3%93S.jpg?fit=361%2C383&amp;ssl=1\" class=\" wp-image-2195 alignleft\" src=\"https:\/\/i0.wp.com\/www.espanolsi.com\/wp-content\/uploads\/2020\/02\/ADI%C3%93S.jpg?resize=53%2C61&#038;ssl=1\" alt=\"ADI\u00d3S\" width=\"53\" height=\"61\" \/><\/a><span style=\"font-size: 14pt;\">Tambi\u00e9n puedo despedirme de alguien utilizando este verbo:<\/span><\/p>\n<div class=\"compact_audio_player_wrapper\"><div class=\"sc_player_container1\"><input type=\"button\" id=\"btnplay_69f0f60b390694.59966122\" class=\"myButton_play\" onClick=\"play_mp3('play','69f0f60b390694.59966122','https:\/\/www.espanolsi.com\/wp-content\/uploads\/2020\/04\/que-te-vaya-bien.mp3','80','false');show_hide('play','69f0f60b390694.59966122');\" \/><input type=\"button\"  id=\"btnstop_69f0f60b390694.59966122\" style=\"display:none\" class=\"myButton_stop\" onClick=\"play_mp3('stop','69f0f60b390694.59966122','','80','false');show_hide('stop','69f0f60b390694.59966122');\" \/><div id=\"sm2-container\"><!-- flash movie ends up here --><\/div><\/div><\/div> <span style=\"font-size: 14pt;\">\u00a1Hasta luego! Que te <strong><span style=\"color: #003366;\">vaya<\/span><\/strong> bien.<\/span><\/p>\n<p>&nbsp;<\/p>\n<p><span style=\"font-size: 14pt;\">&#8220;<strong><span style=\"color: #008000;\">Vaya<\/span><\/strong>&#8221; tambi\u00e9n es una interjecci\u00f3n que se usa para expresar decepci\u00f3n o sorpresa. Ejemplos:<br \/>\n<\/span><\/p>\n<div class=\"compact_audio_player_wrapper\"><div class=\"sc_player_container1\"><input type=\"button\" id=\"btnplay_69f0f60b4b65e3.88765371\" class=\"myButton_play\" onClick=\"play_mp3('play','69f0f60b4b65e3.88765371','https:\/\/www.espanolsi.com\/wp-content\/uploads\/2020\/04\/sorpresa-2.mp3','80','false');show_hide('play','69f0f60b4b65e3.88765371');\" \/><input type=\"button\"  id=\"btnstop_69f0f60b4b65e3.88765371\" style=\"display:none\" class=\"myButton_stop\" onClick=\"play_mp3('stop','69f0f60b4b65e3.88765371','','80','false');show_hide('stop','69f0f60b4b65e3.88765371');\" \/><div id=\"sm2-container\"><!-- flash movie ends up here --><\/div><\/div><\/div>\n<p><span style=\"font-size: 14pt;\"><a href=\"https:\/\/i0.wp.com\/www.espanolsi.com\/wp-content\/uploads\/2020\/04\/Muy-uena-sorpresa.png?ssl=1\" data-rel=\"lightbox-image-2\" data-rl_title=\"\" data-rl_caption=\"\" title=\"\"><img data-recalc-dims=\"1\" loading=\"lazy\" decoding=\"async\" data-attachment-id=\"2302\" data-permalink=\"https:\/\/www.espanolsi.com\/pb\/vaya\/muy-uena-sorpresa\/\" data-orig-file=\"https:\/\/i0.wp.com\/www.espanolsi.com\/wp-content\/uploads\/2020\/04\/Muy-uena-sorpresa.png?fit=592%2C582&amp;ssl=1\" data-orig-size=\"592,582\" data-comments-opened=\"1\" data-image-meta=\"{&quot;aperture&quot;:&quot;0&quot;,&quot;credit&quot;:&quot;&quot;,&quot;camera&quot;:&quot;&quot;,&quot;caption&quot;:&quot;&quot;,&quot;created_timestamp&quot;:&quot;0&quot;,&quot;copyright&quot;:&quot;&quot;,&quot;focal_length&quot;:&quot;0&quot;,&quot;iso&quot;:&quot;0&quot;,&quot;shutter_speed&quot;:&quot;0&quot;,&quot;title&quot;:&quot;&quot;,&quot;orientation&quot;:&quot;0&quot;}\" data-image-title=\"Sorprendido\" data-image-description=\"\" data-image-caption=\"\" data-medium-file=\"https:\/\/i0.wp.com\/www.espanolsi.com\/wp-content\/uploads\/2020\/04\/Muy-uena-sorpresa.png?fit=300%2C295&amp;ssl=1\" data-large-file=\"https:\/\/i0.wp.com\/www.espanolsi.com\/wp-content\/uploads\/2020\/04\/Muy-uena-sorpresa.png?fit=592%2C582&amp;ssl=1\" class=\"wp-image-2302 alignleft\" src=\"https:\/\/i0.wp.com\/www.espanolsi.com\/wp-content\/uploads\/2020\/04\/Muy-uena-sorpresa.png?resize=76%2C76&#038;ssl=1\" alt=\"Sorprendido\" width=\"76\" height=\"76\" srcset=\"https:\/\/i0.wp.com\/www.espanolsi.com\/wp-content\/uploads\/2020\/04\/Muy-uena-sorpresa.png?w=592&amp;ssl=1 592w, https:\/\/i0.wp.com\/www.espanolsi.com\/wp-content\/uploads\/2020\/04\/Muy-uena-sorpresa.png?resize=150%2C150&amp;ssl=1 150w, https:\/\/i0.wp.com\/www.espanolsi.com\/wp-content\/uploads\/2020\/04\/Muy-uena-sorpresa.png?resize=300%2C295&amp;ssl=1 300w\" sizes=\"auto, (max-width: 76px) 100vw, 76px\" \/><\/a><\/span><br \/>\n<span style=\"font-size: 14pt;\">\u00a1Vaya! Pepe toc\u00f3 la loter\u00eda.<\/span><\/p>\n<p style=\"text-align: left;\"><span style=\"font-size: 14pt;\">\u00a1Vaya! C\u00f3mo crecieron tus hijos.<\/span><\/p>\n<p style=\"text-align: left;\"><span style=\"font-size: 14pt;\"><a href=\"https:\/\/i0.wp.com\/www.espanolsi.com\/wp-content\/uploads\/2020\/04\/CHICA-sorprendida-1.png?ssl=1\" data-rel=\"lightbox-image-3\" data-rl_title=\"\" data-rl_caption=\"\" title=\"\"><img data-recalc-dims=\"1\" loading=\"lazy\" decoding=\"async\" data-attachment-id=\"2294\" data-permalink=\"https:\/\/www.espanolsi.com\/pb\/vaya\/chica-sorprendida-2\/\" data-orig-file=\"https:\/\/i0.wp.com\/www.espanolsi.com\/wp-content\/uploads\/2020\/04\/CHICA-sorprendida-1.png?fit=213%2C289&amp;ssl=1\" data-orig-size=\"213,289\" data-comments-opened=\"1\" data-image-meta=\"{&quot;aperture&quot;:&quot;0&quot;,&quot;credit&quot;:&quot;&quot;,&quot;camera&quot;:&quot;&quot;,&quot;caption&quot;:&quot;&quot;,&quot;created_timestamp&quot;:&quot;0&quot;,&quot;copyright&quot;:&quot;&quot;,&quot;focal_length&quot;:&quot;0&quot;,&quot;iso&quot;:&quot;0&quot;,&quot;shutter_speed&quot;:&quot;0&quot;,&quot;title&quot;:&quot;&quot;,&quot;orientation&quot;:&quot;0&quot;}\" data-image-title=\"Chica sorprendida\" data-image-description=\"\" data-image-caption=\"\" data-medium-file=\"https:\/\/i0.wp.com\/www.espanolsi.com\/wp-content\/uploads\/2020\/04\/CHICA-sorprendida-1.png?fit=213%2C289&amp;ssl=1\" data-large-file=\"https:\/\/i0.wp.com\/www.espanolsi.com\/wp-content\/uploads\/2020\/04\/CHICA-sorprendida-1.png?fit=213%2C289&amp;ssl=1\" class=\" wp-image-2294 alignleft\" src=\"https:\/\/i0.wp.com\/www.espanolsi.com\/wp-content\/uploads\/2020\/04\/CHICA-sorprendida-1.png?resize=56%2C69&#038;ssl=1\" alt=\"Chica sorprendida\" width=\"56\" height=\"69\" \/><\/a><\/span><br \/>\n<span style=\"font-size: 14pt;\">\u00a1Vaya! La despidieron tras quince a\u00f1os de dedicaci\u00f3n a la empresa.<\/span><\/p>\n<p><span style=\"font-size: 14pt;\">\u00a1Vaya! He suspendido otra vez.<\/span><\/p>\n<p>&nbsp;<\/p>\n<p><span style=\"font-size: 14pt;\">\u201c<span style=\"color: #800000;\"><strong>Vaya<\/strong><\/span>\u201d puede ir antepuesto a un sustantivo para intensificar su significado o cualidades. Ejemplos:<br \/>\n<\/span><\/p>\n<div class=\"compact_audio_player_wrapper\"><div class=\"sc_player_container1\"><input type=\"button\" id=\"btnplay_69f0f60b551853.41091365\" class=\"myButton_play\" onClick=\"play_mp3('play','69f0f60b551853.41091365','https:\/\/www.espanolsi.com\/wp-content\/uploads\/2020\/04\/Vaya-casa-2.mp3','80','false');show_hide('play','69f0f60b551853.41091365');\" \/><input type=\"button\"  id=\"btnstop_69f0f60b551853.41091365\" style=\"display:none\" class=\"myButton_stop\" onClick=\"play_mp3('stop','69f0f60b551853.41091365','','80','false');show_hide('stop','69f0f60b551853.41091365');\" \/><div id=\"sm2-container\"><!-- flash movie ends up here --><\/div><\/div><\/div>\n<p><span style=\"font-size: 14pt;\">\u00a1Vaya coche se ha comprado! Es el \u00faltimo modelo de esta marca.<\/span><\/p>\n<p><span style=\"font-size: 14pt;\">\u00a1Vaya bocadillo se comi\u00f3! Jam\u00e1s conseguir\u00eda comer un bocadillo tan grande como el que comi\u00f3.<\/span><\/p>\n<p><span style=\"font-size: 14pt;\">\u00a1Vaya casa tienes! Me encantar\u00eda vivir en una casa como esta.<\/span><\/p>\n<p>&nbsp;<\/p>\n<p><span style=\"font-size: 14pt;\"><strong>Antes de seguir con el tema, tengo 3 recomendaciones de libros en espa\u00f1ol para los estudiantes de los niveles B1 y B2.<\/strong><\/span><\/p>\n<p><a href=\"https:\/\/amzn.to\/3083Kpr\"><img data-recalc-dims=\"1\" loading=\"lazy\" decoding=\"async\" class=\"alignleft \" src=\"https:\/\/i0.wp.com\/images-na.ssl-images-amazon.com\/images\/I\/51sVWPifTVL._SX329_BO1%2C204%2C203%2C200_.jpg?resize=105%2C156&#038;ssl=1\" width=\"105\" height=\"156\" \/><\/a><\/p>\n<p>&nbsp;<\/p>\n<p><a class=\"\" href=\"https:\/\/amzn.to\/3083Kpr\" target=\"_blank\" rel=\"noopener noreferrer\">El libro de los rostros <\/a><\/p>\n<p>&nbsp;<\/p>\n<p>&nbsp;<\/p>\n<p><a href=\"https:\/\/amzn.to\/3hQIkU2\"><img data-recalc-dims=\"1\" loading=\"lazy\" decoding=\"async\" class=\"alignleft \" src=\"https:\/\/i0.wp.com\/images-na.ssl-images-amazon.com\/images\/I\/51OU68S%2BcWL._SX318_BO1%2C204%2C203%2C200_.jpg?resize=108%2C160&#038;ssl=1\" width=\"108\" height=\"160\" \/><\/a><\/p>\n<p>&nbsp;<\/p>\n<p><a class=\"\" href=\"https:\/\/amzn.to\/3hQIkU2\" target=\"_blank\" rel=\"noopener noreferrer\">Como agua para chocolate<\/a><\/p>\n<p>&nbsp;<\/p>\n<p>&nbsp;<\/p>\n<p><a href=\"https:\/\/amzn.to\/30aRBjK\"><img data-recalc-dims=\"1\" loading=\"lazy\" decoding=\"async\" class=\" alignleft\" src=\"https:\/\/i0.wp.com\/images-na.ssl-images-amazon.com\/images\/I\/41trNDFOXXL._SX324_BO1%2C204%2C203%2C200_.jpg?resize=108%2C188&#038;ssl=1\" width=\"108\" height=\"188\" \/><\/a><\/p>\n<p>&nbsp;<\/p>\n<p><a class=\"\" href=\"https:\/\/amzn.to\/30aRBjK\" target=\"_blank\" rel=\"noopener noreferrer\">Las cosas que no nos dijimos <\/a><\/p>\n<p>&nbsp;<\/p>\n<p>&nbsp;<\/p>\n<p>&nbsp;<\/p>\n<p><span style=\"font-size: 14pt;\"><strong>\u00a1Volvamos al tema!<\/strong><\/span><\/p>\n<p><span style=\"font-size: 14pt; color: #003366;\"><strong>No confundas <em>Vaya<\/em> con <em>Valla<\/em> o <em>Baya<\/em><\/strong><\/span><\/p>\n<p><span style=\"font-size: 14pt;\">\u00a1F\u00edjate bien a la hora de escribir!<\/span><\/p>\n<p><span style=\"font-size: 14pt;\"><em><a href=\"https:\/\/i0.wp.com\/www.espanolsi.com\/wp-content\/uploads\/2020\/04\/baya.png?ssl=1\" data-rel=\"lightbox-image-4\" data-rl_title=\"\" data-rl_caption=\"\" title=\"\"><img data-recalc-dims=\"1\" loading=\"lazy\" decoding=\"async\" data-attachment-id=\"2304\" data-permalink=\"https:\/\/www.espanolsi.com\/pb\/vaya\/baya\/\" data-orig-file=\"https:\/\/i0.wp.com\/www.espanolsi.com\/wp-content\/uploads\/2020\/04\/baya.png?fit=867%2C720&amp;ssl=1\" data-orig-size=\"867,720\" data-comments-opened=\"1\" data-image-meta=\"{&quot;aperture&quot;:&quot;0&quot;,&quot;credit&quot;:&quot;&quot;,&quot;camera&quot;:&quot;&quot;,&quot;caption&quot;:&quot;&quot;,&quot;created_timestamp&quot;:&quot;0&quot;,&quot;copyright&quot;:&quot;&quot;,&quot;focal_length&quot;:&quot;0&quot;,&quot;iso&quot;:&quot;0&quot;,&quot;shutter_speed&quot;:&quot;0&quot;,&quot;title&quot;:&quot;&quot;,&quot;orientation&quot;:&quot;0&quot;}\" data-image-title=\"Baya\" data-image-description=\"\" data-image-caption=\"\" data-medium-file=\"https:\/\/i0.wp.com\/www.espanolsi.com\/wp-content\/uploads\/2020\/04\/baya.png?fit=300%2C249&amp;ssl=1\" data-large-file=\"https:\/\/i0.wp.com\/www.espanolsi.com\/wp-content\/uploads\/2020\/04\/baya.png?fit=640%2C531&amp;ssl=1\" class=\" wp-image-2304 alignleft\" src=\"https:\/\/i0.wp.com\/www.espanolsi.com\/wp-content\/uploads\/2020\/04\/baya.png?resize=118%2C98&#038;ssl=1\" alt=\"Baya\" width=\"118\" height=\"98\" srcset=\"https:\/\/i0.wp.com\/www.espanolsi.com\/wp-content\/uploads\/2020\/04\/baya.png?w=867&amp;ssl=1 867w, https:\/\/i0.wp.com\/www.espanolsi.com\/wp-content\/uploads\/2020\/04\/baya.png?resize=300%2C249&amp;ssl=1 300w, https:\/\/i0.wp.com\/www.espanolsi.com\/wp-content\/uploads\/2020\/04\/baya.png?resize=768%2C638&amp;ssl=1 768w\" sizes=\"auto, (max-width: 118px) 100vw, 118px\" \/><\/a><br \/>\nBaya<\/em> es un tipo de fruto carnoso con semillas rodeadas de pulpa, seg\u00fan la RAE.<\/span><\/p>\n<p>&nbsp;<\/p>\n<p><span style=\"font-size: 14pt;\"><br \/>\n<a href=\"https:\/\/i0.wp.com\/www.espanolsi.com\/wp-content\/uploads\/2020\/04\/valla-2.png?ssl=1\" data-rel=\"lightbox-image-5\" data-rl_title=\"\" data-rl_caption=\"\" title=\"\"><img data-recalc-dims=\"1\" loading=\"lazy\" decoding=\"async\" data-attachment-id=\"2308\" data-permalink=\"https:\/\/www.espanolsi.com\/pb\/vaya\/valla-2\/\" data-orig-file=\"https:\/\/i0.wp.com\/www.espanolsi.com\/wp-content\/uploads\/2020\/04\/valla-2.png?fit=474%2C172&amp;ssl=1\" data-orig-size=\"474,172\" data-comments-opened=\"1\" data-image-meta=\"{&quot;aperture&quot;:&quot;0&quot;,&quot;credit&quot;:&quot;&quot;,&quot;camera&quot;:&quot;&quot;,&quot;caption&quot;:&quot;&quot;,&quot;created_timestamp&quot;:&quot;0&quot;,&quot;copyright&quot;:&quot;&quot;,&quot;focal_length&quot;:&quot;0&quot;,&quot;iso&quot;:&quot;0&quot;,&quot;shutter_speed&quot;:&quot;0&quot;,&quot;title&quot;:&quot;&quot;,&quot;orientation&quot;:&quot;0&quot;}\" data-image-title=\"valla 2\" data-image-description=\"\" data-image-caption=\"\" data-medium-file=\"https:\/\/i0.wp.com\/www.espanolsi.com\/wp-content\/uploads\/2020\/04\/valla-2.png?fit=300%2C109&amp;ssl=1\" data-large-file=\"https:\/\/i0.wp.com\/www.espanolsi.com\/wp-content\/uploads\/2020\/04\/valla-2.png?fit=474%2C172&amp;ssl=1\" class=\" wp-image-2308 alignleft\" src=\"https:\/\/i0.wp.com\/www.espanolsi.com\/wp-content\/uploads\/2020\/04\/valla-2.png?resize=135%2C49&#038;ssl=1\" alt=\"\" width=\"135\" height=\"49\" srcset=\"https:\/\/i0.wp.com\/www.espanolsi.com\/wp-content\/uploads\/2020\/04\/valla-2.png?w=474&amp;ssl=1 474w, https:\/\/i0.wp.com\/www.espanolsi.com\/wp-content\/uploads\/2020\/04\/valla-2.png?resize=300%2C109&amp;ssl=1 300w, https:\/\/i0.wp.com\/www.espanolsi.com\/wp-content\/uploads\/2020\/04\/valla-2.png?resize=465%2C172&amp;ssl=1 465w\" sizes=\"auto, (max-width: 135px) 100vw, 135px\" \/><\/a>Construcci\u00f3n hecha de cualquier material para cercar un terreno. Ejemplo:<br \/>\nEsta valla separa las dos casas.<\/span><\/p>\n<p>&nbsp;<\/p>\n<p><span style=\"font-size: 14pt;\"><a href=\"https:\/\/i0.wp.com\/www.espanolsi.com\/wp-content\/uploads\/2020\/04\/valla-publicitaria.png?ssl=1\" data-rel=\"lightbox-image-6\" data-rl_title=\"\" data-rl_caption=\"\" title=\"\"><img data-recalc-dims=\"1\" loading=\"lazy\" decoding=\"async\" data-attachment-id=\"2310\" data-permalink=\"https:\/\/www.espanolsi.com\/pb\/vaya\/valla-publicitaria\/\" data-orig-file=\"https:\/\/i0.wp.com\/www.espanolsi.com\/wp-content\/uploads\/2020\/04\/valla-publicitaria.png?fit=333%2C289&amp;ssl=1\" data-orig-size=\"333,289\" data-comments-opened=\"1\" data-image-meta=\"{&quot;aperture&quot;:&quot;0&quot;,&quot;credit&quot;:&quot;&quot;,&quot;camera&quot;:&quot;&quot;,&quot;caption&quot;:&quot;&quot;,&quot;created_timestamp&quot;:&quot;0&quot;,&quot;copyright&quot;:&quot;&quot;,&quot;focal_length&quot;:&quot;0&quot;,&quot;iso&quot;:&quot;0&quot;,&quot;shutter_speed&quot;:&quot;0&quot;,&quot;title&quot;:&quot;&quot;,&quot;orientation&quot;:&quot;0&quot;}\" data-image-title=\"valla publicitaria\" data-image-description=\"\" data-image-caption=\"\" data-medium-file=\"https:\/\/i0.wp.com\/www.espanolsi.com\/wp-content\/uploads\/2020\/04\/valla-publicitaria.png?fit=300%2C260&amp;ssl=1\" data-large-file=\"https:\/\/i0.wp.com\/www.espanolsi.com\/wp-content\/uploads\/2020\/04\/valla-publicitaria.png?fit=333%2C289&amp;ssl=1\" class=\"alignleft wp-image-2310\" src=\"https:\/\/i0.wp.com\/www.espanolsi.com\/wp-content\/uploads\/2020\/04\/valla-publicitaria.png?resize=87%2C81&#038;ssl=1\" alt=\"valla publicitaria\" width=\"87\" height=\"81\" \/><\/a><br \/>\n<\/span><span style=\"font-size: 14pt;\">Cartelera situada en calles, carreteras, etc., con fines publicitarios.<\/span><\/p>\n<p>&nbsp;<\/p>\n<p><span style=\"font-size: 14pt;\">Puedes ver algunos ejemplos m\u00e1s en este v\u00eddeo:<\/span><\/p>\n<p><iframe loading=\"lazy\" src=\"https:\/\/www.youtube.com\/embed\/YjsdE1v8eww\" width=\"560\" height=\"315\" frameborder=\"0\" allowfullscreen=\"allowfullscreen\"><\/iframe><\/p>\n","protected":false},"excerpt":{"rendered":"<p>Hoy vamos a hablar un poco sobre la palabra \u201cvaya\u201d. \u201cVaya\u201d es una de las conjugaciones del verbo \u201cir\u201d. Forma la primera y la tercera persona del Presente do Subjuntivo. Ejemplos: Espero que Marta vaya a la oficina hoy. \u00bfTe importa que vaya contigo? Cuando Charo vaya a mi casa, le preparar\u00e9 un rico pastel. [&hellip;]<\/p>\n","protected":false},"author":1,"featured_media":2290,"comment_status":"open","ping_status":"open","sticky":false,"template":"","format":"standard","meta":{"_monsterinsights_skip_tracking":false,"_monsterinsights_sitenote_active":false,"_monsterinsights_sitenote_note":"","_monsterinsights_sitenote_category":0,"jetpack_post_was_ever_published":false,"_jetpack_newsletter_access":"","_jetpack_dont_email_post_to_subs":false,"_jetpack_newsletter_tier_id":0,"_jetpack_memberships_contains_paywalled_content":false,"_jetpack_memberships_contains_paid_content":false,"footnotes":"","jetpack_publicize_message":"","jetpack_publicize_feature_enabled":true,"jetpack_social_post_already_shared":true,"jetpack_social_options":{"image_generator_settings":{"template":"highway","enabled":false},"version":2}},"categories":[357,245],"tags":[620,381,106,394,519,382,619,618,3,528],"class_list":["post-2289","post","type-post","status-publish","format-standard","has-post-thumbnail","hentry","category-videos","category-vocabulario","tag-baya","tag-espanhol","tag-espanol","tag-estudiar-espanol","tag-ortografia","tag-spanish","tag-valla","tag-vaya","tag-vocabulario","tag-vocabulary"],"jetpack_publicize_connections":[],"jetpack_featured_media_url":"https:\/\/i0.wp.com\/www.espanolsi.com\/wp-content\/uploads\/2020\/04\/vaya-miniatura.png?fit=1280%2C720&ssl=1","jetpack_sharing_enabled":true,"jetpack_shortlink":"https:\/\/wp.me\/s9pq5s-vaya","jetpack_likes_enabled":true,"jetpack-related-posts":[],"_links":{"self":[{"href":"https:\/\/www.espanolsi.com\/pb\/wp-json\/wp\/v2\/posts\/2289","targetHints":{"allow":["GET"]}}],"collection":[{"href":"https:\/\/www.espanolsi.com\/pb\/wp-json\/wp\/v2\/posts"}],"about":[{"href":"https:\/\/www.espanolsi.com\/pb\/wp-json\/wp\/v2\/types\/post"}],"author":[{"embeddable":true,"href":"https:\/\/www.espanolsi.com\/pb\/wp-json\/wp\/v2\/users\/1"}],"replies":[{"embeddable":true,"href":"https:\/\/www.espanolsi.com\/pb\/wp-json\/wp\/v2\/comments?post=2289"}],"version-history":[{"count":21,"href":"https:\/\/www.espanolsi.com\/pb\/wp-json\/wp\/v2\/posts\/2289\/revisions"}],"predecessor-version":[{"id":2512,"href":"https:\/\/www.espanolsi.com\/pb\/wp-json\/wp\/v2\/posts\/2289\/revisions\/2512"}],"wp:featuredmedia":[{"embeddable":true,"href":"https:\/\/www.espanolsi.com\/pb\/wp-json\/wp\/v2\/media\/2290"}],"wp:attachment":[{"href":"https:\/\/www.espanolsi.com\/pb\/wp-json\/wp\/v2\/media?parent=2289"}],"wp:term":[{"taxonomy":"category","embeddable":true,"href":"https:\/\/www.espanolsi.com\/pb\/wp-json\/wp\/v2\/categories?post=2289"},{"taxonomy":"post_tag","embeddable":true,"href":"https:\/\/www.espanolsi.com\/pb\/wp-json\/wp\/v2\/tags?post=2289"}],"curies":[{"name":"wp","href":"https:\/\/api.w.org\/{rel}","templated":true}]}}