{"id":367,"date":"2018-12-13T16:34:29","date_gmt":"2018-12-13T18:34:29","guid":{"rendered":"https:\/\/www.espanolsi.com\/?p=367"},"modified":"2018-12-20T19:29:28","modified_gmt":"2018-12-20T21:29:28","slug":"la-navidad","status":"publish","type":"post","link":"https:\/\/www.espanolsi.com\/pb\/la-navidad\/","title":{"rendered":"La Navidad"},"content":{"rendered":"&nbsp;<\/p>\n<div class=\"compact_audio_player_wrapper\"><div class=\"sc_player_container1\"><input type=\"button\" id=\"btnplay_69f42d84e85ce6.14288405\" class=\"myButton_play\" onClick=\"play_mp3('play','69f42d84e85ce6.14288405','https:\/\/www.espanolsi.com\/wp-content\/uploads\/2018\/12\/texto-y-canci\u00f3n-navide\u00f1a.mp3','80','false');show_hide('play','69f42d84e85ce6.14288405');\" \/><input type=\"button\"  id=\"btnstop_69f42d84e85ce6.14288405\" style=\"display:none\" class=\"myButton_stop\" onClick=\"play_mp3('stop','69f42d84e85ce6.14288405','','80','false');show_hide('stop','69f42d84e85ce6.14288405');\" \/><div id=\"sm2-container\"><!-- flash movie ends up here --><\/div><\/div><\/div> escucha el texto<\/p>\n<p><span style=\"font-size: 12pt;\">En la Navidad\u00a0 se celebra el nacimiento del ni\u00f1o Jes\u00fas. Es una fiesta que se celebra en casi todo el mundo, pero en algunos pa\u00edses es posible identificar peque\u00f1as diferencias a la hora de celebrarla. Los colores t\u00edpicos de esta \u00e9poca son el rojo, el blanco y el verde. En la puerta de entrada a las casas se suele poner una bota navide\u00f1a o una guirnalda.<br \/>\n<\/span><\/p>\n<p><span style=\"font-size: 12pt;\"><img data-recalc-dims=\"1\" loading=\"lazy\" decoding=\"async\" data-attachment-id=\"390\" data-permalink=\"https:\/\/www.espanolsi.com\/pb\/la-navidad\/guirnalda\/\" data-orig-file=\"https:\/\/i0.wp.com\/www.espanolsi.com\/wp-content\/uploads\/2017\/11\/guirnalda.png?fit=124%2C82&amp;ssl=1\" data-orig-size=\"124,82\" data-comments-opened=\"1\" data-image-meta=\"{&quot;aperture&quot;:&quot;0&quot;,&quot;credit&quot;:&quot;&quot;,&quot;camera&quot;:&quot;&quot;,&quot;caption&quot;:&quot;&quot;,&quot;created_timestamp&quot;:&quot;0&quot;,&quot;copyright&quot;:&quot;&quot;,&quot;focal_length&quot;:&quot;0&quot;,&quot;iso&quot;:&quot;0&quot;,&quot;shutter_speed&quot;:&quot;0&quot;,&quot;title&quot;:&quot;&quot;,&quot;orientation&quot;:&quot;0&quot;}\" data-image-title=\"Guirnalda\" data-image-description=\"&lt;p&gt;Foto de una guirnalda utilizada en Navidad.&lt;\/p&gt;\n\" data-image-caption=\"\" data-medium-file=\"https:\/\/i0.wp.com\/www.espanolsi.com\/wp-content\/uploads\/2017\/11\/guirnalda.png?fit=124%2C82&amp;ssl=1\" data-large-file=\"https:\/\/i0.wp.com\/www.espanolsi.com\/wp-content\/uploads\/2017\/11\/guirnalda.png?fit=124%2C82&amp;ssl=1\" class=\"wp-image-390 aligncenter\" src=\"https:\/\/i0.wp.com\/www.espanolsi.com\/wp-content\/uploads\/2017\/11\/guirnalda.png?resize=117%2C72&#038;ssl=1\" alt=\"Guirnalda\" width=\"117\" height=\"72\" \/>Uno de los s\u00edmbolos de la Navidad es el pesebre que tambi\u00e9n recibe los nombres de nacimiento, bel\u00e9n y portal. \u00c9l es una peque\u00f1a maqueta que muestra el nacimiento del ni\u00f1o Jes\u00fas.\u00a0 El bel\u00e9n puede ser de cualquier tama\u00f1o, sin embargo hay ciertos personajes b\u00edblicos que tienen que estar presentes como los padres de Jes\u00fas, San Jos\u00e9 y la virgen Mar\u00eda, la mula y el buey.<\/span><\/p>\n<p><span style=\"font-size: 12pt;\">Otro s\u00edmbolo de la Navidad es el \u00e1rbol de Navidad. A fines de noviembre o inicio de diciembre muchas personas empiezan a adornar sus casas con luces y arman sus \u00e1rboles que pueden ser\u00a0 naturales o artificiales. Generalmente se les adorna con bastones, esferas, mu\u00f1ecos, campanas, una estrella en lo alto y luces. Abajo se quedan los regalos.<br \/>\n<\/span><\/p>\n<p><span style=\"font-size: 12pt;\">La Nochebuena es la v\u00edspera de la Navidad, el 24 de diciembre. Es cuando la gente se re\u00fane a cenar con su familia. Una cena especial con platos t\u00edpicos de Navidad. Algunos tambi\u00e9n cambian regalos o esperan que Pap\u00e1 Noel los entregue. jo jo jo jo<br \/>\nEste d\u00eda muchas personas suelen ir a la iglesia para asistir a una celebraci\u00f3n importante: la Misa de Gallo.<br \/>\nAl d\u00eda siguiente, la Navidad, muchas familias se re\u00fanen, una vez m\u00e1s, para comer.<br \/>\n<\/span><\/p>\n<p><span style=\"font-size: 12pt;\"><img data-recalc-dims=\"1\" loading=\"lazy\" decoding=\"async\" data-attachment-id=\"399\" data-permalink=\"https:\/\/www.espanolsi.com\/pb\/la-navidad\/fuegos-artificiales\/\" data-orig-file=\"https:\/\/i0.wp.com\/www.espanolsi.com\/wp-content\/uploads\/2017\/11\/fuegos-artificiales.png?fit=300%2C283&amp;ssl=1\" data-orig-size=\"300,283\" data-comments-opened=\"1\" data-image-meta=\"{&quot;aperture&quot;:&quot;0&quot;,&quot;credit&quot;:&quot;&quot;,&quot;camera&quot;:&quot;&quot;,&quot;caption&quot;:&quot;&quot;,&quot;created_timestamp&quot;:&quot;0&quot;,&quot;copyright&quot;:&quot;&quot;,&quot;focal_length&quot;:&quot;0&quot;,&quot;iso&quot;:&quot;0&quot;,&quot;shutter_speed&quot;:&quot;0&quot;,&quot;title&quot;:&quot;&quot;,&quot;orientation&quot;:&quot;0&quot;}\" data-image-title=\"Fuegos artificiales\" data-image-description=\"&lt;p&gt;Fuegos artificiales para celebrar el A\u00f1o Nuevo.&lt;\/p&gt;\n\" data-image-caption=\"\" data-medium-file=\"https:\/\/i0.wp.com\/www.espanolsi.com\/wp-content\/uploads\/2017\/11\/fuegos-artificiales.png?fit=300%2C283&amp;ssl=1\" data-large-file=\"https:\/\/i0.wp.com\/www.espanolsi.com\/wp-content\/uploads\/2017\/11\/fuegos-artificiales.png?fit=300%2C283&amp;ssl=1\" class=\"wp-image-399 alignleft\" src=\"https:\/\/i0.wp.com\/www.espanolsi.com\/wp-content\/uploads\/2017\/11\/fuegos-artificiales.png?resize=129%2C122&#038;ssl=1\" alt=\"Fuegos artificiales\" width=\"129\" height=\"122\" \/><\/span><\/p>\n<p><span style=\"font-size: 12pt;\">En la Nochevieja, el 31 de diciembre, se espera la llegada del nuevo a\u00f1o. En muchos pa\u00edses a medianoche empiezan los fuegos artificiales, el momento m\u00e1s esperado ya que mucha gente se re\u00fane en un punto tradicional de la ciudad para ver a este gran espect\u00e1culo. Uno de los puntos tradicionales m\u00e1s famosos de Espa\u00f1a es <span class=\"st\">La Puerta del Sol de Madrid, donde muchos intentan tomar las doce uvas mientras suenan las doce campanadas.<\/span><br \/>\n<\/span><\/p>\n<p><span style=\"font-size: 12pt;\">Ac\u00e1 puedes ver c\u00f3mo se qued\u00f3 la ciudad de Madrid en estas Navidades:<\/span><br \/>\n<iframe loading=\"lazy\" src=\"https:\/\/www.youtube.com\/embed\/chvSckQ51rE\" width=\"560\" height=\"315\" frameborder=\"0\" allowfullscreen=\"allowfullscreen\"><\/iframe><\/p>\n<p><span style=\"font-size: 12pt;\">El seis de enero se celebra el d\u00eda de Reyes. Vamos a hablar sobre ellos en un pr\u00f3ximo art\u00edculo.<br \/>\nTermino esta publicaci\u00f3n con un v\u00eddeo de mi \u00e1rbol de Navidad:<\/span><\/p>\n<p><iframe loading=\"lazy\" src=\"https:\/\/www.youtube.com\/embed\/XqlmEE5HbIU\" width=\"560\" height=\"315\" frameborder=\"0\" allowfullscreen=\"allowfullscreen\"><\/iframe><\/p>\n<p><span style=\"font-size: 12pt;\">\u00a1Feliz Navidad!<\/span><\/p>\n<p><img data-recalc-dims=\"1\" loading=\"lazy\" decoding=\"async\" data-attachment-id=\"388\" data-permalink=\"https:\/\/www.espanolsi.com\/pb\/la-navidad\/papa-noel-2\/\" data-orig-file=\"https:\/\/i0.wp.com\/www.espanolsi.com\/wp-content\/uploads\/2017\/11\/papa-Noel.png?fit=158%2C141&amp;ssl=1\" data-orig-size=\"158,141\" data-comments-opened=\"1\" data-image-meta=\"{&quot;aperture&quot;:&quot;0&quot;,&quot;credit&quot;:&quot;&quot;,&quot;camera&quot;:&quot;&quot;,&quot;caption&quot;:&quot;&quot;,&quot;created_timestamp&quot;:&quot;0&quot;,&quot;copyright&quot;:&quot;&quot;,&quot;focal_length&quot;:&quot;0&quot;,&quot;iso&quot;:&quot;0&quot;,&quot;shutter_speed&quot;:&quot;0&quot;,&quot;title&quot;:&quot;&quot;,&quot;orientation&quot;:&quot;0&quot;}\" data-image-title=\"Pap\u00e1 Noel\" data-image-description=\"&lt;p&gt;Foto del rostro de Pap\u00e1 Noel. Muestra su barba y gorro.&lt;\/p&gt;\n\" data-image-caption=\"&lt;p&gt;Foto de Pap\u00e1 Noel&lt;\/p&gt;\n\" data-medium-file=\"https:\/\/i0.wp.com\/www.espanolsi.com\/wp-content\/uploads\/2017\/11\/papa-Noel.png?fit=158%2C141&amp;ssl=1\" data-large-file=\"https:\/\/i0.wp.com\/www.espanolsi.com\/wp-content\/uploads\/2017\/11\/papa-Noel.png?fit=158%2C141&amp;ssl=1\" class=\"alignnone wp-image-388 \" src=\"https:\/\/i0.wp.com\/www.espanolsi.com\/wp-content\/uploads\/2017\/11\/papa-Noel.png?resize=122%2C109&#038;ssl=1\" alt=\"Pap\u00e1 Noel\" width=\"122\" height=\"109\" \/><\/p>\n<p><span style=\"font-size: 8pt;\">Figuras del texto: freepik.com<\/span>","protected":false},"excerpt":{"rendered":"<p>&nbsp; escucha el texto En la Navidad\u00a0 se celebra el nacimiento del ni\u00f1o Jes\u00fas. Es una fiesta que se celebra en casi todo el mundo, pero en algunos pa\u00edses es posible identificar peque\u00f1as diferencias a la hora de celebrarla. Los colores t\u00edpicos de esta \u00e9poca son el rojo, el blanco y el verde. En la [&hellip;]<\/p>\n","protected":false},"author":1,"featured_media":376,"comment_status":"open","ping_status":"closed","sticky":false,"template":"","format":"standard","meta":{"_monsterinsights_skip_tracking":false,"_monsterinsights_sitenote_active":false,"_monsterinsights_sitenote_note":"","_monsterinsights_sitenote_category":0,"jetpack_post_was_ever_published":false,"_jetpack_newsletter_access":"","_jetpack_dont_email_post_to_subs":false,"_jetpack_newsletter_tier_id":0,"_jetpack_memberships_contains_paywalled_content":false,"_jetpack_memberships_contains_paid_content":false,"footnotes":"","jetpack_publicize_message":"","jetpack_publicize_feature_enabled":true,"jetpack_social_post_already_shared":true,"jetpack_social_options":{"image_generator_settings":{"template":"highway","enabled":false},"version":2}},"categories":[250,245],"tags":[303,297,300,305,309,302,304,299,293,298,294,295,307,296,301,306,308],"class_list":["post-367","post","type-post","status-publish","format-standard","has-post-thumbnail","hentry","category-cultura-y-tradicion","category-vocabulario","tag-adornos","tag-arbol-de-navidad","tag-belen","tag-bolas-de-navidad","tag-bota-navidena","tag-campana","tag-esferas-de-navidad","tag-jesus","tag-navidad","tag-nino-jesus","tag-nochebuena","tag-nochevieja","tag-papa-noel","tag-pesebre","tag-portal","tag-regalo","tag-reno"],"jetpack_publicize_connections":[],"jetpack_featured_media_url":"https:\/\/i0.wp.com\/www.espanolsi.com\/wp-content\/uploads\/2017\/11\/navidad-medida-certa-3.jpg?fit=1200%2C631&ssl=1","jetpack_sharing_enabled":true,"jetpack_shortlink":"https:\/\/wp.me\/p9pq5s-5V","jetpack_likes_enabled":true,"jetpack-related-posts":[],"_links":{"self":[{"href":"https:\/\/www.espanolsi.com\/pb\/wp-json\/wp\/v2\/posts\/367","targetHints":{"allow":["GET"]}}],"collection":[{"href":"https:\/\/www.espanolsi.com\/pb\/wp-json\/wp\/v2\/posts"}],"about":[{"href":"https:\/\/www.espanolsi.com\/pb\/wp-json\/wp\/v2\/types\/post"}],"author":[{"embeddable":true,"href":"https:\/\/www.espanolsi.com\/pb\/wp-json\/wp\/v2\/users\/1"}],"replies":[{"embeddable":true,"href":"https:\/\/www.espanolsi.com\/pb\/wp-json\/wp\/v2\/comments?post=367"}],"version-history":[{"count":0,"href":"https:\/\/www.espanolsi.com\/pb\/wp-json\/wp\/v2\/posts\/367\/revisions"}],"wp:featuredmedia":[{"embeddable":true,"href":"https:\/\/www.espanolsi.com\/pb\/wp-json\/wp\/v2\/media\/376"}],"wp:attachment":[{"href":"https:\/\/www.espanolsi.com\/pb\/wp-json\/wp\/v2\/media?parent=367"}],"wp:term":[{"taxonomy":"category","embeddable":true,"href":"https:\/\/www.espanolsi.com\/pb\/wp-json\/wp\/v2\/categories?post=367"},{"taxonomy":"post_tag","embeddable":true,"href":"https:\/\/www.espanolsi.com\/pb\/wp-json\/wp\/v2\/tags?post=367"}],"curies":[{"name":"wp","href":"https:\/\/api.w.org\/{rel}","templated":true}]}}