{"id":869,"date":"2019-02-25T10:53:19","date_gmt":"2019-02-25T13:53:19","guid":{"rendered":"https:\/\/www.espanolsi.com\/?p=869"},"modified":"2019-02-27T16:10:08","modified_gmt":"2019-02-27T19:10:08","slug":"hay-y-habia","status":"publish","type":"post","link":"https:\/\/www.espanolsi.com\/pb\/hay-y-habia\/","title":{"rendered":"Verbo Haber y un test (quiz)"},"content":{"rendered":"&nbsp;<\/p>\n<p><strong>Hay, Hab\u00eda, Hubo y Habr\u00e1 &#8211; El verbo Haber<\/strong><\/p>\n<p><a href=\"https:\/\/i0.wp.com\/www.espanolsi.com\/wp-content\/uploads\/2018\/01\/hay-blog-y-face.jpg?ssl=1\" data-rel=\"lightbox-image-0\" data-rl_title=\"\" data-rl_caption=\"\" title=\"\"><img data-recalc-dims=\"1\" loading=\"lazy\" decoding=\"async\" data-attachment-id=\"876\" data-permalink=\"https:\/\/www.espanolsi.com\/pb\/hay-y-habia\/hay-blog-y-face\/\" data-orig-file=\"https:\/\/i0.wp.com\/www.espanolsi.com\/wp-content\/uploads\/2018\/01\/hay-blog-y-face.jpg?fit=1200%2C630&amp;ssl=1\" data-orig-size=\"1200,630\" data-comments-opened=\"1\" data-image-meta=\"{&quot;aperture&quot;:&quot;0&quot;,&quot;credit&quot;:&quot;&quot;,&quot;camera&quot;:&quot;&quot;,&quot;caption&quot;:&quot;&quot;,&quot;created_timestamp&quot;:&quot;0&quot;,&quot;copyright&quot;:&quot;&quot;,&quot;focal_length&quot;:&quot;0&quot;,&quot;iso&quot;:&quot;0&quot;,&quot;shutter_speed&quot;:&quot;0&quot;,&quot;title&quot;:&quot;&quot;,&quot;orientation&quot;:&quot;0&quot;}\" data-image-title=\"Verbo haber\/there is and there are\" data-image-description=\"&lt;p&gt;Verbo haber\/there is and there are&lt;\/p&gt;\n\" data-image-caption=\"\" data-medium-file=\"https:\/\/i0.wp.com\/www.espanolsi.com\/wp-content\/uploads\/2018\/01\/hay-blog-y-face.jpg?fit=300%2C158&amp;ssl=1\" data-large-file=\"https:\/\/i0.wp.com\/www.espanolsi.com\/wp-content\/uploads\/2018\/01\/hay-blog-y-face.jpg?fit=640%2C336&amp;ssl=1\" class=\"aligncenter wp-image-876 size-full\" src=\"https:\/\/i0.wp.com\/www.espanolsi.com\/wp-content\/uploads\/2018\/01\/hay-blog-y-face.jpg?resize=640%2C336&#038;ssl=1\" alt=\"Verbo haber\/there is and there are\" width=\"640\" height=\"336\" srcset=\"https:\/\/i0.wp.com\/www.espanolsi.com\/wp-content\/uploads\/2018\/01\/hay-blog-y-face.jpg?w=1200&amp;ssl=1 1200w, https:\/\/i0.wp.com\/www.espanolsi.com\/wp-content\/uploads\/2018\/01\/hay-blog-y-face.jpg?resize=300%2C158&amp;ssl=1 300w, https:\/\/i0.wp.com\/www.espanolsi.com\/wp-content\/uploads\/2018\/01\/hay-blog-y-face.jpg?resize=768%2C403&amp;ssl=1 768w, https:\/\/i0.wp.com\/www.espanolsi.com\/wp-content\/uploads\/2018\/01\/hay-blog-y-face.jpg?resize=1024%2C538&amp;ssl=1 1024w\" sizes=\"auto, (max-width: 640px) 100vw, 640px\" \/><\/a><\/p>\n<div class=\"compact_audio_player_wrapper\"><div class=\"sc_player_container1\"><input type=\"button\" id=\"btnplay_69f1a13907eb63.18061171\" class=\"myButton_play\" onClick=\"play_mp3('play','69f1a13907eb63.18061171','https:\/\/www.espanolsi.com\/wp-content\/uploads\/2018\/01\/hay_mixdown.mp3','80','false');show_hide('play','69f1a13907eb63.18061171');\" \/><input type=\"button\"  id=\"btnstop_69f1a13907eb63.18061171\" style=\"display:none\" class=\"myButton_stop\" onClick=\"play_mp3('stop','69f1a13907eb63.18061171','','80','false');show_hide('stop','69f1a13907eb63.18061171');\" \/><div id=\"sm2-container\"><!-- flash movie ends up here --><\/div><\/div><\/div> Escucha el texto<\/p>\n<p>El verbo haber se usa para expresar existencia. No se utiliza el verbo tener en esta situaci\u00f3n. Si quiero expresar existencia en el presente utilizo <strong>Hay<\/strong>:<\/p>\n\n<table id=\"tablepress-2-no-3\" class=\"tablepress tablepress-id-2\">\n<tbody class=\"row-striping row-hover\">\n<tr class=\"row-1\">\n\t<td class=\"column-1\"><span style=\"font-family: book\\ antiqua, palatino, serif; font-size: 12pt;\">Ac\u00e1 hay muchos estudiantes de espa\u00f1ol. <\/span><img data-recalc-dims=\"1\" width=\"640\" decoding=\"async\" src=\"https:\/\/i0.wp.com\/www.espanolsi.com\/wp-content\/uploads\/2018\/01\/tic-correcto.png?fit=640%2C14&#038;ssl=1\" height=\"14\" class=\" wp-image-871\" \/><\/td><td class=\"column-2\"><span style=\"font-family: book\\ antiqua, palatino, serif; font-size: 12pt;\">Ac\u00e1 tiene muchos estudiantes de espa\u00f1ol. <\/span> <img data-recalc-dims=\"1\" width=\"640\" decoding=\"async\" src=\"https:\/\/i0.wp.com\/www.espanolsi.com\/wp-content\/uploads\/2018\/01\/tic-incorrecto.png?fit=640%2C14&#038;ssl=1\" height=\"14\" class=\"wp-image-873\" \/><\/td>\n<\/tr>\n<tr class=\"row-2\">\n\t<td class=\"column-1\"><span style=\"font-family: book\\ antiqua, palatino, serif; font-size: 12pt;\">\u00bfHay alg\u00fan banco en esta calle? <\/span><img data-recalc-dims=\"1\" width=\"640\" decoding=\"async\" src=\"https:\/\/i0.wp.com\/www.espanolsi.com\/wp-content\/uploads\/2018\/01\/tic-correcto.png?fit=640%2C14&#038;ssl=1\" height=\"14\" class=\" wp-image-871\" \/><\/td><td class=\"column-2\"><span style=\"font-family: book\\ antiqua, palatino, serif; font-size: 12pt;\">\u00bfTiene alg\u00fan banco en esta calle? <\/span> <img data-recalc-dims=\"1\" width=\"640\" decoding=\"async\" src=\"https:\/\/i0.wp.com\/www.espanolsi.com\/wp-content\/uploads\/2018\/01\/tic-incorrecto.png?fit=640%2C14&#038;ssl=1\" height=\"14\" class=\"wp-image-873\" \/><\/td>\n<\/tr>\n<tr class=\"row-3\">\n\t<td class=\"column-1\"><span style=\"font-family: book\\ antiqua, palatino, serif; font-size: 12pt;\">No hay nada en la nevera.<\/span> <img data-recalc-dims=\"1\" width=\"640\" decoding=\"async\" src=\"https:\/\/i0.wp.com\/www.espanolsi.com\/wp-content\/uploads\/2018\/01\/tic-correcto.png?fit=640%2C14&#038;ssl=1\" height=\"14\" class=\" wp-image-871\" \/><\/td><td class=\"column-2\"><span style=\"font-family: book\\ antiqua, palatino, serif; font-size: 12pt;\">No tiene nada en la nevera. <\/span><img data-recalc-dims=\"1\" width=\"640\" decoding=\"async\" src=\"https:\/\/i0.wp.com\/www.espanolsi.com\/wp-content\/uploads\/2018\/01\/tic-incorrecto.png?fit=640%2C14&#038;ssl=1\" height=\"14\" class=\"image-873\" \/><\/td>\n<\/tr>\n<\/tbody>\n<\/table>\n\n<p>El verbo Haber es impersonal, por lo tanto solo se usa en tercera persona de singular:<\/p>\n\n<table id=\"tablepress-3-no-3\" class=\"tablepress tablepress-id-3\">\n<tbody class=\"row-striping row-hover\">\n<tr class=\"row-1\">\n\t<td class=\"column-1\"><img data-recalc-dims=\"1\" width=\"640\" decoding=\"async\" src=\"https:\/\/i0.wp.com\/www.espanolsi.com\/wp-content\/uploads\/2018\/01\/cadeira-2.png?fit=640%2C16&#038;ssl=1\" alt=\"silla\/chair\" height=\"16\" class=\" wp-image-1035\" \/>    <span style=\"font-family: book\\ antiqua, palatino, serif; font-size: 12pt;\">Hay una silla en la cocina. <\/span><\/td><td class=\"column-2\"><img data-recalc-dims=\"1\" width=\"640\" decoding=\"async\" src=\"https:\/\/i0.wp.com\/www.espanolsi.com\/wp-content\/uploads\/2018\/01\/cadeira-2.png?fit=640%2C16&#038;ssl=1\" alt=\"silla\/chair\" height=\"16\" class=\"wp-image-1035\" \/> <img data-recalc-dims=\"1\" width=\"640\" decoding=\"async\" src=\"https:\/\/i0.wp.com\/www.espanolsi.com\/wp-content\/uploads\/2018\/01\/cadeira-2.png?fit=640%2C16&#038;ssl=1\" alt=\"silla\/chair\" height=\"16\" class=\"alignleft size-full wp-image-1035\" \/> <img data-recalc-dims=\"1\" width=\"640\" decoding=\"async\" src=\"https:\/\/i0.wp.com\/www.espanolsi.com\/wp-content\/uploads\/2018\/01\/cadeira-2.png?fit=640%2C16&#038;ssl=1\" alt=\"silla\/chair\" height=\"16\" class=\"wp-image-1035\" \/> <span style=\"font-family: book\\ antiqua, palatino, serif; font-size: 12pt;\"> Hay muchas sillas en la cocina. <\/span><\/td>\n<\/tr>\n<tr class=\"row-2\">\n\t<td class=\"column-1\"><img data-recalc-dims=\"1\" width=\"640\" decoding=\"async\" src=\"https:\/\/i0.wp.com\/www.espanolsi.com\/wp-content\/uploads\/2018\/01\/acidente-de-carro.png?fit=640%2C16&#038;ssl=1\" alt=\"accidente de coche\/car crash\" height=\"16\" class=\"wp-image-1036\" srcset=\"https:\/\/i0.wp.com\/www.espanolsi.com\/wp-content\/uploads\/2018\/01\/acidente-de-carro.png?resize=300%2C119&amp;ssl=1 300w, https:\/\/i0.wp.com\/www.espanolsi.com\/wp-content\/uploads\/2018\/01\/acidente-de-carro.png?w=658&amp;ssl=1 658w\" sizes=\"(max-width: 300px) 100vw, 300px\" \/><span style=\"font-family: book\\ antiqua, palatino, serif; font-size: 12pt;\"> Hubo un accidente en la carretera.<\/span><\/td><td class=\"column-2\"><img data-recalc-dims=\"1\" width=\"640\" decoding=\"async\" src=\"https:\/\/i0.wp.com\/www.espanolsi.com\/wp-content\/uploads\/2018\/01\/acidente-de-carro.png?fit=640%2C16&#038;ssl=1\" alt=\"accidente de coche\/car crash\" height=\"16\" class=\"wp-image-1036\" srcset=\"https:\/\/i0.wp.com\/www.espanolsi.com\/wp-content\/uploads\/2018\/01\/acidente-de-carro.png?resize=300%2C119&amp;ssl=1 300w, https:\/\/i0.wp.com\/www.espanolsi.com\/wp-content\/uploads\/2018\/01\/acidente-de-carro.png?w=658&amp;ssl=1 658w\" sizes=\"(max-width: 300px) 100vw, 300px\" \/> <img data-recalc-dims=\"1\" loading=\"lazy\" decoding=\"async\" width=\"300\" height=\"119\" src=\"https:\/\/i0.wp.com\/www.espanolsi.com\/wp-content\/uploads\/2018\/01\/acidente-de-carro.png?resize=300%2C119&#038;ssl=1\" alt=\"accidente de coche\/car crash\"height=\"16\" class=\"wp-image-1036\" srcset=\"https:\/\/i0.wp.com\/www.espanolsi.com\/wp-content\/uploads\/2018\/01\/acidente-de-carro.png?resize=300%2C119&amp;ssl=1 300w, https:\/\/i0.wp.com\/www.espanolsi.com\/wp-content\/uploads\/2018\/01\/acidente-de-carro.png?w=658&amp;ssl=1 658w\" sizes=\"auto, (max-width: 300px) 100vw, 300px\" \/> <span style=\"font-family: book\\ antiqua, palatino, serif; font-size: 12pt;\"> Hubo dos accidentes en la carretera. <\/span><\/td>\n<\/tr>\n<tr class=\"row-3\">\n\t<td class=\"column-1\"><img data-recalc-dims=\"1\" width=\"640\" decoding=\"async\" src=\"https:\/\/i0.wp.com\/www.espanolsi.com\/wp-content\/uploads\/2018\/01\/%C3%A1rvore-blog.png?fit=640%2C16&#038;ssl=1\" alt=\"\u00e1rbol\/tree\" height=\"16\" class=\"wp-image-1037\" srcset=\"https:\/\/i0.wp.com\/www.espanolsi.com\/wp-content\/uploads\/2018\/01\/%C3%A1rvore-blog.png?resize=300%2C300&amp;ssl=1 300w, https:\/\/i0.wp.com\/www.espanolsi.com\/wp-content\/uploads\/2018\/01\/%C3%A1rvore-blog.png?resize=150%2C150&amp;ssl=1 150w, https:\/\/i0.wp.com\/www.espanolsi.com\/wp-content\/uploads\/2018\/01\/%C3%A1rvore-blog.png?w=400&amp;ssl=1 400w\" sizes=\"(max-width: 300px) 100vw, 300px\" \/> <span style=\"font-family: book\\ antiqua, palatino, serif; font-size: 12pt;\">  Hab\u00eda un \u00e1rbol en esta plaza.<\/span<\/td><td class=\"column-2\"><img data-recalc-dims=\"1\" width=\"640\" decoding=\"async\" src=\"https:\/\/i0.wp.com\/www.espanolsi.com\/wp-content\/uploads\/2018\/01\/%C3%A1rvore-blog.png?fit=640%2C16&#038;ssl=1\" alt=\"\u00e1rbol\/tree\" height=\"16\" class=\" wp-image-1037\" srcset=\"https:\/\/i0.wp.com\/www.espanolsi.com\/wp-content\/uploads\/2018\/01\/%C3%A1rvore-blog.png?resize=300%2C300&amp;ssl=1 300w, https:\/\/i0.wp.com\/www.espanolsi.com\/wp-content\/uploads\/2018\/01\/%C3%A1rvore-blog.png?resize=150%2C150&amp;ssl=1 150w, https:\/\/i0.wp.com\/www.espanolsi.com\/wp-content\/uploads\/2018\/01\/%C3%A1rvore-blog.png?w=400&amp;ssl=1 400w\" sizes=\"(max-width: 300px) 100vw, 300px\" \/> <img data-recalc-dims=\"1\" width=\"640\" decoding=\"async\" src=\"https:\/\/i0.wp.com\/www.espanolsi.com\/wp-content\/uploads\/2018\/01\/%C3%A1rvore-blog.png?fit=640%2C16&#038;ssl=1\" alt=\"\u00e1rbol\/tree\" height=\"16\" class=\"wp-image-1037\" srcset=\"https:\/\/i0.wp.com\/www.espanolsi.com\/wp-content\/uploads\/2018\/01\/%C3%A1rvore-blog.png?resize=300%2C300&amp;ssl=1 300w, https:\/\/i0.wp.com\/www.espanolsi.com\/wp-content\/uploads\/2018\/01\/%C3%A1rvore-blog.png?resize=150%2C150&amp;ssl=1 150w, https:\/\/i0.wp.com\/www.espanolsi.com\/wp-content\/uploads\/2018\/01\/%C3%A1rvore-blog.png?w=400&amp;ssl=1 400w\" sizes=\"(max-width: 300px) 100vw, 300px\" \/> <img data-recalc-dims=\"1\" loading=\"lazy\" decoding=\"async\" width=\"300\" height=\"300\" src=\"https:\/\/i0.wp.com\/www.espanolsi.com\/wp-content\/uploads\/2018\/01\/%C3%A1rvore-blog.png?resize=300%2C300&#038;ssl=1\" alt=\"\u00e1rbol\/tree\"height=\"16\" class=\" wp-image-1037\" srcset=\"https:\/\/i0.wp.com\/www.espanolsi.com\/wp-content\/uploads\/2018\/01\/%C3%A1rvore-blog.png?resize=300%2C300&amp;ssl=1 300w, https:\/\/i0.wp.com\/www.espanolsi.com\/wp-content\/uploads\/2018\/01\/%C3%A1rvore-blog.png?resize=150%2C150&amp;ssl=1 150w, https:\/\/i0.wp.com\/www.espanolsi.com\/wp-content\/uploads\/2018\/01\/%C3%A1rvore-blog.png?w=400&amp;ssl=1 400w\" sizes=\"auto, (max-width: 300px) 100vw, 300px\" \/><span style=\"font-family: book\\ antiqua, palatino, serif; font-size: 12pt;\"> Hab\u00eda algunos \u00e1rboles en esta plaza.<\/span><\/td>\n<\/tr>\n<tr class=\"row-4\">\n\t<td class=\"column-1\"><img data-recalc-dims=\"1\" width=\"640\" decoding=\"async\" src=\"https:\/\/i0.wp.com\/www.espanolsi.com\/wp-content\/uploads\/2018\/01\/balloon-885715_640.jpg?fit=640%2C16&#038;ssl=1\" alt=\"Globo\/Balloon\" height=\"16\" class=\"wp-image-1048\" srcset=\"https:\/\/i0.wp.com\/www.espanolsi.com\/wp-content\/uploads\/2018\/01\/balloon-885715_640.jpg?resize=218%2C300&amp;ssl=1 218w, https:\/\/i0.wp.com\/www.espanolsi.com\/wp-content\/uploads\/2018\/01\/balloon-885715_640.jpg?w=466&amp;ssl=1 466w\" sizes=\"(max-width: 218px) 100vw, 218px\" \/> <span style=\"font-family: book\\ antiqua, palatino, serif; font-size: 12pt;\"> Habr\u00e1 una fiesta en mi casa. <span><\/td><td class=\"column-2\"><img data-recalc-dims=\"1\" width=\"640\" decoding=\"async\" src=\"https:\/\/i0.wp.com\/www.espanolsi.com\/wp-content\/uploads\/2018\/01\/balloons-25737_640-1.png?fit=640%2C16&#038;ssl=1\" alt=\"Globo\/Balloons\"  height=\"16\" class=\"wp-image-1049\" srcset=\"https:\/\/i0.wp.com\/www.espanolsi.com\/wp-content\/uploads\/2018\/01\/balloons-25737_640-1.png?resize=263%2C300&amp;ssl=1 263w, https:\/\/i0.wp.com\/www.espanolsi.com\/wp-content\/uploads\/2018\/01\/balloons-25737_640-1.png?w=562&amp;ssl=1 562w\" sizes=\"(max-width: 263px) 100vw, 263px\" \/><span style=\"font-family: book\\ antiqua, palatino, serif; font-size: 12pt;\"> Habr\u00e1 dos fiestas en mi casa. <\/span><\/td>\n<\/tr>\n<\/tbody>\n<\/table>\n\n<p>Como pudieron ver en los ejemplos anteriores el verbo haber, <strong>en todos los tiempos,<\/strong> se usa en singular si se refiere a una cosa o m\u00e1s de una cosa:<\/p>\n<p><strong>Hay<\/strong> &#8211; est\u00e1 conjugado en el presente. Ejemplo:\u00a0 Hay un accidente en esta carretera.<\/p>\n<p><strong>Hubo<\/strong> &#8211;\u00a0 est\u00e1 conjugado en el pret\u00e9rito indefinido. Ej. Ayer hubo un accidente en esta carretera.<\/p>\n<p><strong>Hab\u00eda<\/strong> &#8211; est\u00e1 conjugado en el pret\u00e9rito imperfecto. Ej. Antes hab\u00eda muchos accidentes en esta carretera.<\/p>\n<p><strong>Habr\u00e1<\/strong> &#8211; est\u00e1 conjugado en el futuro. Ej. Si no reparan este bache, pronto habr\u00e1 muchos accidentes en esta carretera.<\/p>\n<p><strong><a href=\"https:\/\/i0.wp.com\/www.espanolsi.com\/wp-content\/uploads\/2018\/01\/emoticon-1628080_1920.png?ssl=1\" data-rel=\"lightbox-image-1\" data-rl_title=\"\" data-rl_caption=\"\" title=\"\"><img data-recalc-dims=\"1\" loading=\"lazy\" decoding=\"async\" data-attachment-id=\"1090\" data-permalink=\"https:\/\/www.espanolsi.com\/pb\/hay-y-habia\/emoticon-1628080_1920\/\" data-orig-file=\"https:\/\/i0.wp.com\/www.espanolsi.com\/wp-content\/uploads\/2018\/01\/emoticon-1628080_1920.png?fit=1920%2C1280&amp;ssl=1\" data-orig-size=\"1920,1280\" data-comments-opened=\"1\" data-image-meta=\"{&quot;aperture&quot;:&quot;0&quot;,&quot;credit&quot;:&quot;&quot;,&quot;camera&quot;:&quot;&quot;,&quot;caption&quot;:&quot;&quot;,&quot;created_timestamp&quot;:&quot;0&quot;,&quot;copyright&quot;:&quot;&quot;,&quot;focal_length&quot;:&quot;0&quot;,&quot;iso&quot;:&quot;0&quot;,&quot;shutter_speed&quot;:&quot;0&quot;,&quot;title&quot;:&quot;&quot;,&quot;orientation&quot;:&quot;0&quot;}\" data-image-title=\"atenci\u00f3n\/attention\" data-image-description=\"&lt;p&gt;atenci\u00f3n\/attention&lt;\/p&gt;\n\" data-image-caption=\"\" data-medium-file=\"https:\/\/i0.wp.com\/www.espanolsi.com\/wp-content\/uploads\/2018\/01\/emoticon-1628080_1920.png?fit=300%2C200&amp;ssl=1\" data-large-file=\"https:\/\/i0.wp.com\/www.espanolsi.com\/wp-content\/uploads\/2018\/01\/emoticon-1628080_1920.png?fit=640%2C427&amp;ssl=1\" class=\"alignnone wp-image-1090\" src=\"https:\/\/i0.wp.com\/www.espanolsi.com\/wp-content\/uploads\/2018\/01\/emoticon-1628080_1920.png?resize=45%2C30&#038;ssl=1\" alt=\"atenci\u00f3n\/attention\" width=\"45\" height=\"30\" srcset=\"https:\/\/i0.wp.com\/www.espanolsi.com\/wp-content\/uploads\/2018\/01\/emoticon-1628080_1920.png?resize=300%2C200&amp;ssl=1 300w, https:\/\/i0.wp.com\/www.espanolsi.com\/wp-content\/uploads\/2018\/01\/emoticon-1628080_1920.png?resize=768%2C512&amp;ssl=1 768w, https:\/\/i0.wp.com\/www.espanolsi.com\/wp-content\/uploads\/2018\/01\/emoticon-1628080_1920.png?resize=1024%2C683&amp;ssl=1 1024w, https:\/\/i0.wp.com\/www.espanolsi.com\/wp-content\/uploads\/2018\/01\/emoticon-1628080_1920.png?resize=576%2C384&amp;ssl=1 576w, https:\/\/i0.wp.com\/www.espanolsi.com\/wp-content\/uploads\/2018\/01\/emoticon-1628080_1920.png?resize=465%2C310&amp;ssl=1 465w, https:\/\/i0.wp.com\/www.espanolsi.com\/wp-content\/uploads\/2018\/01\/emoticon-1628080_1920.png?w=1920&amp;ssl=1 1920w, https:\/\/i0.wp.com\/www.espanolsi.com\/wp-content\/uploads\/2018\/01\/emoticon-1628080_1920.png?w=1280&amp;ssl=1 1280w\" sizes=\"auto, (max-width: 45px) 100vw, 45px\" \/><\/a> \u00a1OJO!<\/strong><\/p>\n<p><strong>HAY<\/strong> viene del verbo haber, como ya lo hemos dicho, no lo confundas con:<\/p>\n<p><strong>Ah\u00ed<\/strong> &#8211; esta palabra se refiere a un lugar. Ejemplo: Juan, el libro est\u00e1 ah\u00ed.<\/p>\n<p><strong>\u00a1Ay!<\/strong> es una exclamaci\u00f3n. Generalmente se refiere a un dolor.<\/p>\n<p>El verbo<strong> haber<\/strong> es importante porque con \u00e9l se forman los tiempos compuestos de la voz activa de los dem\u00e1s verbos. Es un verbo auxiliar. Para formar los tiempos compuestos de cualquier verbo, utilizaremos el tiempo simple del verbo haber m\u00e1s el participio del verbo. Pero esto es un asunto para otro art\u00edculo, \u00bfverdad?<\/p>\n<p>Ahora haz este test (quiz) y ponte a prueba, pero si quieres, antes de hacerlo puedes ver el v\u00eddeo al final de esta publicaci\u00f3n.<\/p>\n<p><code><div class=\"h5p-iframe-wrapper\"><iframe id=\"h5p-iframe-10\" class=\"h5p-iframe\" data-content-id=\"10\" style=\"height:1px\" src=\"about:blank\" frameBorder=\"0\" scrolling=\"no\" title=\"Verbo Haber - Test (Quiz)\"><\/iframe><\/div><\/code><\/p>\n<p><iframe loading=\"lazy\" src=\"https:\/\/www.youtube.com\/embed\/MRwDQ8msKOc\" width=\"560\" height=\"315\" frameborder=\"0\" allowfullscreen=\"allowfullscreen\"><\/iframe><\/p>\n<p><a href=\"https:\/\/i0.wp.com\/www.espanolsi.com\/wp-content\/uploads\/2018\/01\/emoticomo-piscadinha.png?ssl=1\" data-rel=\"lightbox-image-2\" data-rl_title=\"\" data-rl_caption=\"\" title=\"\"><img data-recalc-dims=\"1\" loading=\"lazy\" decoding=\"async\" data-attachment-id=\"1094\" data-permalink=\"https:\/\/www.espanolsi.com\/pb\/hay-y-habia\/emoticomo-piscadinha\/\" data-orig-file=\"https:\/\/i0.wp.com\/www.espanolsi.com\/wp-content\/uploads\/2018\/01\/emoticomo-piscadinha.png?fit=303%2C302&amp;ssl=1\" data-orig-size=\"303,302\" data-comments-opened=\"1\" data-image-meta=\"{&quot;aperture&quot;:&quot;0&quot;,&quot;credit&quot;:&quot;&quot;,&quot;camera&quot;:&quot;&quot;,&quot;caption&quot;:&quot;&quot;,&quot;created_timestamp&quot;:&quot;0&quot;,&quot;copyright&quot;:&quot;&quot;,&quot;focal_length&quot;:&quot;0&quot;,&quot;iso&quot;:&quot;0&quot;,&quot;shutter_speed&quot;:&quot;0&quot;,&quot;title&quot;:&quot;&quot;,&quot;orientation&quot;:&quot;0&quot;}\" data-image-title=\"adi\u00f3s\/bye\" data-image-description=\"&lt;p&gt;adi\u00f3s\/bye&lt;\/p&gt;\n\" data-image-caption=\"\" data-medium-file=\"https:\/\/i0.wp.com\/www.espanolsi.com\/wp-content\/uploads\/2018\/01\/emoticomo-piscadinha.png?fit=300%2C300&amp;ssl=1\" data-large-file=\"https:\/\/i0.wp.com\/www.espanolsi.com\/wp-content\/uploads\/2018\/01\/emoticomo-piscadinha.png?fit=303%2C302&amp;ssl=1\" class=\"alignnone wp-image-1094\" src=\"https:\/\/i0.wp.com\/www.espanolsi.com\/wp-content\/uploads\/2018\/01\/emoticomo-piscadinha.png?resize=42%2C42&#038;ssl=1\" alt=\"adi\u00f3s\/bye\" width=\"42\" height=\"42\" srcset=\"https:\/\/i0.wp.com\/www.espanolsi.com\/wp-content\/uploads\/2018\/01\/emoticomo-piscadinha.png?w=303&amp;ssl=1 303w, https:\/\/i0.wp.com\/www.espanolsi.com\/wp-content\/uploads\/2018\/01\/emoticomo-piscadinha.png?resize=150%2C150&amp;ssl=1 150w, https:\/\/i0.wp.com\/www.espanolsi.com\/wp-content\/uploads\/2018\/01\/emoticomo-piscadinha.png?resize=300%2C300&amp;ssl=1 300w\" sizes=\"auto, (max-width: 42px) 100vw, 42px\" \/><\/a>\u00a0\u00a0 Saludos<\/p>\n<p>&nbsp;<\/p>\n<p>&nbsp;<\/p>\n<p>&nbsp;<\/p>\n<p>Im\u00e1genes freepik.com","protected":false},"excerpt":{"rendered":"<p>&nbsp; Hay, Hab\u00eda, Hubo y Habr\u00e1 &#8211; El verbo Haber Escucha el texto El verbo haber se usa para expresar existencia. No se utiliza el verbo tener en esta situaci\u00f3n. Si quiero expresar existencia en el presente utilizo Hay: El verbo Haber es impersonal, por lo tanto solo se usa en tercera persona de singular: [&hellip;]<\/p>\n","protected":false},"author":1,"featured_media":876,"comment_status":"open","ping_status":"closed","sticky":false,"template":"","format":"standard","meta":{"_monsterinsights_skip_tracking":false,"_monsterinsights_sitenote_active":false,"_monsterinsights_sitenote_note":"","_monsterinsights_sitenote_category":0,"jetpack_post_was_ever_published":false,"_jetpack_newsletter_access":"","_jetpack_dont_email_post_to_subs":false,"_jetpack_newsletter_tier_id":0,"_jetpack_memberships_contains_paywalled_content":false,"_jetpack_memberships_contains_paid_content":false,"footnotes":"","jetpack_publicize_message":"","jetpack_publicize_feature_enabled":true,"jetpack_social_post_already_shared":true,"jetpack_social_options":{"image_generator_settings":{"template":"highway","enabled":false},"version":2}},"categories":[292,246],"tags":[],"class_list":["post-869","post","type-post","status-publish","format-standard","has-post-thumbnail","hentry","category-comprension-auditiva","category-gramatica"],"jetpack_publicize_connections":[],"jetpack_featured_media_url":"https:\/\/i0.wp.com\/www.espanolsi.com\/wp-content\/uploads\/2018\/01\/hay-blog-y-face.jpg?fit=1200%2C630&ssl=1","jetpack_sharing_enabled":true,"jetpack_shortlink":"https:\/\/wp.me\/p9pq5s-e1","jetpack_likes_enabled":true,"jetpack-related-posts":[],"_links":{"self":[{"href":"https:\/\/www.espanolsi.com\/pb\/wp-json\/wp\/v2\/posts\/869","targetHints":{"allow":["GET"]}}],"collection":[{"href":"https:\/\/www.espanolsi.com\/pb\/wp-json\/wp\/v2\/posts"}],"about":[{"href":"https:\/\/www.espanolsi.com\/pb\/wp-json\/wp\/v2\/types\/post"}],"author":[{"embeddable":true,"href":"https:\/\/www.espanolsi.com\/pb\/wp-json\/wp\/v2\/users\/1"}],"replies":[{"embeddable":true,"href":"https:\/\/www.espanolsi.com\/pb\/wp-json\/wp\/v2\/comments?post=869"}],"version-history":[{"count":5,"href":"https:\/\/www.espanolsi.com\/pb\/wp-json\/wp\/v2\/posts\/869\/revisions"}],"predecessor-version":[{"id":1948,"href":"https:\/\/www.espanolsi.com\/pb\/wp-json\/wp\/v2\/posts\/869\/revisions\/1948"}],"wp:featuredmedia":[{"embeddable":true,"href":"https:\/\/www.espanolsi.com\/pb\/wp-json\/wp\/v2\/media\/876"}],"wp:attachment":[{"href":"https:\/\/www.espanolsi.com\/pb\/wp-json\/wp\/v2\/media?parent=869"}],"wp:term":[{"taxonomy":"category","embeddable":true,"href":"https:\/\/www.espanolsi.com\/pb\/wp-json\/wp\/v2\/categories?post=869"},{"taxonomy":"post_tag","embeddable":true,"href":"https:\/\/www.espanolsi.com\/pb\/wp-json\/wp\/v2\/tags?post=869"}],"curies":[{"name":"wp","href":"https:\/\/api.w.org\/{rel}","templated":true}]}}