{"id":91,"date":"2015-08-07T20:59:00","date_gmt":"2015-08-07T23:59:00","guid":{"rendered":"https:\/\/www.espanolsi.com\/2015\/08\/07\/pablo-neruda-puedo-escribir-los-versos-mas-tristes-esta-noche\/"},"modified":"2015-08-07T20:59:00","modified_gmt":"2015-08-07T23:59:00","slug":"pablo-neruda-puedo-escribir-los-versos-mas-tristes-esta-noche","status":"publish","type":"post","link":"https:\/\/www.espanolsi.com\/pb\/pablo-neruda-puedo-escribir-los-versos-mas-tristes-esta-noche\/","title":{"rendered":"Pablo  Neruda &#8211; Puedo escribir los versos m\u00e1s tristes esta noche"},"content":{"rendered":"<p><span style=\"font-family: Arial, Helvetica, sans-serif;\">Escucha este bello poema de nuestro gran Neruda. El narrador es &nbsp;<span style=\"background-color: white; line-height: 16.5454540252686px;\">Omar <\/span><span style=\"background-color: white; line-height: 16.5454540252686px;\">Cerasuolo,&nbsp;<\/span><span style=\"background-color: white; line-height: 16.5454540252686px;\">locutor y periodista argentino.&nbsp;<\/span><\/span><span style=\"font-family: Arial, Helvetica, sans-serif;\">La voz&nbsp;<\/span><span style=\"font-family: Arial, Helvetica, sans-serif;\">es bell\u00edsima,<\/span><span style=\"background-color: white; font-family: Arial, Helvetica, sans-serif; line-height: 16.5454540252686px;\">&nbsp;<\/span><span style=\"font-family: Arial, Helvetica, sans-serif;\">se me eriza la piel:<\/span><br \/><span style=\"color: #cc0000;\"><b><br \/><\/b><\/span> <iframe loading=\"lazy\" align=\"top\" allowfullscreen=\"\" frameborder=\"0\" height=\"115\" hspace=\"0\" marginheight=\"0\" scrolling=\"no\" src=\"http:\/\/br.goear.com\/embed\/sound\/66f1fc6\" vspace=\"0\" width=\"580\"><\/iframe><\/p>\n<p>Ac\u00e1 se puede o\u00edr el propio Pablo Neruda recit\u00e1ndolo:<\/p>\n<div style=\"clear: both; text-align: center;\"><\/div>\n<p><iframe loading=\"lazy\" allowfullscreen=\"\" frameborder=\"0\" height=\"315\" src=\"https:\/\/www.youtube.com\/embed\/jF79a4K9wGg\" width=\"420\"><\/iframe><\/p>\n","protected":false},"excerpt":{"rendered":"<p>Escucha este bello poema de nuestro gran Neruda. El narrador es &nbsp;Omar Cerasuolo,&nbsp;locutor y periodista argentino.&nbsp;La voz&nbsp;es bell\u00edsima,&nbsp;se me eriza la piel: Ac\u00e1 se puede o\u00edr el propio Pablo Neruda recit\u00e1ndolo:<\/p>\n","protected":false},"author":1,"featured_media":0,"comment_status":"open","ping_status":"closed","sticky":false,"template":"","format":"standard","meta":{"_monsterinsights_skip_tracking":false,"_monsterinsights_sitenote_active":false,"_monsterinsights_sitenote_note":"","_monsterinsights_sitenote_category":0,"jetpack_post_was_ever_published":false,"_jetpack_newsletter_access":"","_jetpack_dont_email_post_to_subs":false,"_jetpack_newsletter_tier_id":0,"_jetpack_memberships_contains_paywalled_content":false,"_jetpack_memberships_contains_paid_content":false,"footnotes":"","jetpack_publicize_message":"","jetpack_publicize_feature_enabled":true,"jetpack_social_post_already_shared":false,"jetpack_social_options":{"image_generator_settings":{"template":"highway","enabled":false},"version":2}},"categories":[1],"tags":[244],"class_list":["post-91","post","type-post","status-publish","format-standard","hentry","category-sem-categoria","tag-sem-categoria"],"jetpack_publicize_connections":[],"jetpack_featured_media_url":"","jetpack_sharing_enabled":true,"jetpack_shortlink":"https:\/\/wp.me\/p9pq5s-1t","jetpack_likes_enabled":true,"jetpack-related-posts":[],"_links":{"self":[{"href":"https:\/\/www.espanolsi.com\/pb\/wp-json\/wp\/v2\/posts\/91","targetHints":{"allow":["GET"]}}],"collection":[{"href":"https:\/\/www.espanolsi.com\/pb\/wp-json\/wp\/v2\/posts"}],"about":[{"href":"https:\/\/www.espanolsi.com\/pb\/wp-json\/wp\/v2\/types\/post"}],"author":[{"embeddable":true,"href":"https:\/\/www.espanolsi.com\/pb\/wp-json\/wp\/v2\/users\/1"}],"replies":[{"embeddable":true,"href":"https:\/\/www.espanolsi.com\/pb\/wp-json\/wp\/v2\/comments?post=91"}],"version-history":[{"count":0,"href":"https:\/\/www.espanolsi.com\/pb\/wp-json\/wp\/v2\/posts\/91\/revisions"}],"wp:attachment":[{"href":"https:\/\/www.espanolsi.com\/pb\/wp-json\/wp\/v2\/media?parent=91"}],"wp:term":[{"taxonomy":"category","embeddable":true,"href":"https:\/\/www.espanolsi.com\/pb\/wp-json\/wp\/v2\/categories?post=91"},{"taxonomy":"post_tag","embeddable":true,"href":"https:\/\/www.espanolsi.com\/pb\/wp-json\/wp\/v2\/tags?post=91"}],"curies":[{"name":"wp","href":"https:\/\/api.w.org\/{rel}","templated":true}]}}